{"id":1512,"date":"2015-08-29T16:11:08","date_gmt":"2015-08-29T14:11:08","guid":{"rendered":"http:\/\/www.lacortedelingles.com\/blog\/?p=1512"},"modified":"2015-10-28T23:09:11","modified_gmt":"2015-10-28T21:09:11","slug":"229-la-lucha-por-el-control-del-agua","status":"publish","type":"post","link":"https:\/\/www.lacortedelingles.com\/blog\/229-la-lucha-por-el-control-del-agua\/","title":{"rendered":"229. La Lucha por el control del agua."},"content":{"rendered":"<p><iframe loading=\"lazy\" src=\"https:\/\/www.youtube.com\/embed\/wNuo5759Ddc?rel=0\" width=\"640\" height=\"360\" frameborder=\"0\" allowfullscreen=\"allowfullscreen\"><\/iframe><\/p>\n<p style=\"text-align: justify;\">Soluciones como las que se presentan en este v\u00eddeo ser\u00e1n excluidas del circuito comercial.Sus promotores ser\u00e1n advertidos del peligro que correr\u00e1n si contin\u00faan por la v\u00eda de la divulgaci\u00f3n.<\/p>\n<p style=\"text-align: justify;\">La <strong>privatizaci\u00f3n <\/strong>del agua es una realidad.La clase obrera dejar\u00e1 de tener el privilegio de poder abrir el grifo de su casa, ya que su uso ser\u00e1 pr\u00e1cticamente exclusivo de la <strong>CASTA pol\u00edtico &#8211; econ\u00f3mica<\/strong> debido a su elevado precio.<\/p>\n<p><img loading=\"lazy\" decoding=\"async\" class=\" size-full wp-image-1511 aligncenter\" src=\"http:\/\/www.lacortedelingles.com\/blog\/wp-content\/uploads\/2015\/08\/botella.jpg\" alt=\"botella\" width=\"598\" height=\"397\" \/><\/p>\n<p style=\"text-align: justify;\">Por ahora ya te has acostumbrado a pagar por un litro de agua <strong>1 euro<\/strong>\u00a0como m\u00ednimo en muchos casos.El m\u00e9todo de <strong>adaptaci\u00f3n social<\/strong> les est\u00e1 funcionando a la perfecci\u00f3n.Se ha ido introduciendo a cuenta gotas en la sociedad de consumo, con unos resultados excelentes.<\/p>\n<p style=\"text-align: justify;\"><strong>La segunda fase<\/strong> es la implantaci\u00f3n de una argumentaci\u00f3n s\u00f3lida que pueda fijarse en las mentes de los ciudadanos.Un posible escenario ser\u00eda <strong>la contaminaci\u00f3n de las reservas<\/strong>, o mejor dicho la desinformaci\u00f3n de esa posible contaminaci\u00f3n motivada por supuestos <strong>ataques terroristas.<\/strong>La otra es la que se usa actualmente, que no es otra que la privatizaci\u00f3n paulatina y sistem\u00e1tica del agua.<\/p>\n<p style=\"text-align: justify;\"><strong>\u00bfEs segura el agua que tomas del grifo de tu casa?.<\/strong><\/p>\n<p><img loading=\"lazy\" decoding=\"async\" class=\" size-full wp-image-1510 aligncenter\" src=\"http:\/\/www.lacortedelingles.com\/blog\/wp-content\/uploads\/2015\/08\/grifo.jpg\" alt=\"grifo\" width=\"644\" height=\"362\" \/><\/p>\n<p style=\"text-align: justify;\">En Espa\u00f1a, cada persona consume unos <strong>122 litros<\/strong> diarios\u00a0de agua corriente con fines dom\u00e9sticos. La cifra aumenta cuando se a\u00f1ade el uso de agua que proviene de la ciudad y la industria. En este caso, asciende a <strong>236 litros diarios<\/strong> por habitante censado.<\/p>\n<p style=\"text-align: justify;\">Por ello, \u201cel agua de grifo es el producto alimenticio que m\u00e1s controles pasa\u201d, afirma a Sinc Fernando Morcillo, director general de la\u00a0Asociaci\u00f3n Espa\u00f1ola de Abastecimiento de Agua y Saneamiento\u00a0(AEAS). Y lo es porque est\u00e1 directamente relacionada con la salud humana.<\/p>\n<p style=\"text-align: justify;\">La legislaci\u00f3n espa\u00f1ola sobre el agua de consumo es muy exigente y est\u00e1 basada en directivas de la Uni\u00f3n Europea. En cada localidad se realiza un an\u00e1lisis completo del agua de forma rutinaria. \u201cPasa controles sistem\u00e1ticos con una frecuencia que puede ser diaria, siguiendo numerosos par\u00e1metros de calidad\u201d, se\u00f1ala <strong>Morcillo.<\/strong><\/p>\n<p style=\"text-align: justify;\">Ser\u00eda \u00a0sumamente sencillo llevar a la poblaci\u00f3n a consumir preferentemente agua embotellada de mas de 0,40 \u20ac el litro, bastar\u00eda con hacer un marketing de calidad que apelase a los <strong>instintos primarios<\/strong> de supervivencia.<\/p>\n<p style=\"text-align: justify;\">\u00bfD\u00f3nde se encuentran las mayores reservas naturales de agua?<\/p>\n<p style=\"text-align: justify;\">\u00bfQui\u00e9n tiene el control y la regulaci\u00f3n de dichas reservas?<\/p>\n<p style=\"text-align: justify;\">Es m\u00e1s sencillo estar entretenido con el juego pol\u00edtico de turno,el football y la telebasura que poner especial inter\u00e9s en temas que ponen en peligro tu libertad como individuo.<\/p>\n<p style=\"text-align: justify;\">\u00bfD\u00f3nde est\u00e1 la soluci\u00f3n para poner freno a la privatizaci\u00f3n del agua?.<\/p>\n<p style=\"text-align: justify;\"><strong>La Corte del Ingl\u00e9s.<\/strong><\/p>\n","protected":false},"excerpt":{"rendered":"<p>Soluciones como las que se presentan en este v\u00eddeo ser\u00e1n excluidas del circuito comercial.Sus promotores ser\u00e1n advertidos del peligro que correr\u00e1n si contin\u00faan por la v\u00eda de la divulgaci\u00f3n. La privatizaci\u00f3n del agua es una realidad.La clase obrera dejar\u00e1 de tener el privilegio de poder abrir el grifo de su casa, ya que su uso [&hellip;]<\/p>\n","protected":false},"author":1,"featured_media":0,"comment_status":"closed","ping_status":"closed","sticky":false,"template":"","format":"standard","meta":{"footnotes":""},"categories":[16],"tags":[158],"class_list":["post-1512","post","type-post","status-publish","format-standard","hentry","category-sociedades","tag-158"],"_links":{"self":[{"href":"https:\/\/www.lacortedelingles.com\/blog\/wp-json\/wp\/v2\/posts\/1512","targetHints":{"allow":["GET"]}}],"collection":[{"href":"https:\/\/www.lacortedelingles.com\/blog\/wp-json\/wp\/v2\/posts"}],"about":[{"href":"https:\/\/www.lacortedelingles.com\/blog\/wp-json\/wp\/v2\/types\/post"}],"author":[{"embeddable":true,"href":"https:\/\/www.lacortedelingles.com\/blog\/wp-json\/wp\/v2\/users\/1"}],"replies":[{"embeddable":true,"href":"https:\/\/www.lacortedelingles.com\/blog\/wp-json\/wp\/v2\/comments?post=1512"}],"version-history":[{"count":5,"href":"https:\/\/www.lacortedelingles.com\/blog\/wp-json\/wp\/v2\/posts\/1512\/revisions"}],"predecessor-version":[{"id":1532,"href":"https:\/\/www.lacortedelingles.com\/blog\/wp-json\/wp\/v2\/posts\/1512\/revisions\/1532"}],"wp:attachment":[{"href":"https:\/\/www.lacortedelingles.com\/blog\/wp-json\/wp\/v2\/media?parent=1512"}],"wp:term":[{"taxonomy":"category","embeddable":true,"href":"https:\/\/www.lacortedelingles.com\/blog\/wp-json\/wp\/v2\/categories?post=1512"},{"taxonomy":"post_tag","embeddable":true,"href":"https:\/\/www.lacortedelingles.com\/blog\/wp-json\/wp\/v2\/tags?post=1512"}],"curies":[{"name":"wp","href":"https:\/\/api.w.org\/{rel}","templated":true}]}}