{"id":1516,"date":"2015-08-31T01:35:27","date_gmt":"2015-08-30T23:35:27","guid":{"rendered":"http:\/\/www.lacortedelingles.com\/blog\/?p=1516"},"modified":"2016-06-07T23:51:06","modified_gmt":"2016-06-07T21:51:06","slug":"que-es-la-magia-negra","status":"publish","type":"post","link":"https:\/\/www.lacortedelingles.com\/blog\/que-es-la-magia-negra\/","title":{"rendered":"\u00bfQu\u00e9 es la Magia Negra?"},"content":{"rendered":"<p><iframe loading=\"lazy\" src=\"https:\/\/www.youtube.com\/embed\/zzz0YVEgT5U?rel=0\" width=\"640\" height=\"480\" frameborder=\"0\" allowfullscreen=\"allowfullscreen\"><\/iframe><\/p>\n<p style=\"text-align: justify;\">Debido a la gran cantidad de correos pidiendo una explicaci\u00f3n sobre Magia Negra, exponemos lo siguiente:<\/p>\n<p style=\"text-align: justify;\">Este tipo de pr\u00e1ctica est\u00e1 catalogada dentro de la <strong>Magia Oscura.<\/strong><\/p>\n<p style=\"text-align: justify;\">El manejo de esta energ\u00eda conlleva introducirse irremediablemente al\u00a0mundo del bajo astral, as\u00ed como\u00a0ponerse en contacto con \u00a0todo tipo de <strong>egregores <\/strong>asociados al fin buscado (fuerzas energ\u00e9ticas similares asociadas al odio, rabia, ira, etc&#8230;).Estos <strong>pensamientos<\/strong> energ\u00e9ticos \u00a0tienen un papel muy importante ya que funcionan como \u00a0puentes canalizadores entre el impulso del <strong>deseo <\/strong>del mago y el <strong>campo energ\u00e9tico<\/strong> de la v\u00edctima.<\/p>\n<p style=\"text-align: justify;\">Cuando el mago tiene la capacidad de poder utilizar una combinaci\u00f3n <strong>ps\u00edquica y astral<\/strong>, el resultado puede ser muy destructivo. No solo act\u00faa el plano mental como principal elemento canalizador\u00a0 sino \u00a0que este ve reforzado su campo de actuaci\u00f3n al elevar la <strong>intenci\u00f3n<\/strong> al plano astral, produciendo \u00a0una fuerza ca\u00f3tica de intenciones \u00a0y resultados impredecibles.<\/p>\n<p style=\"text-align: justify;\">Una simple <strong>fotograf\u00eda<\/strong> puede ser el elemento principal, que proporcione al mago la uni\u00f3n elevando un grado la <strong>magia emp\u00e1tica<\/strong>. En muchos casos la simple visualizaci\u00f3n de la v\u00edctima es m\u00e1s que suficiente para poder proyectar sobre ella la energ\u00eda negativa.<\/p>\n<p style=\"text-align: justify;\">El simple hecho de quemar un fotograf\u00eda puede utilizarse para provocar un acto de purificaci\u00f3n o renovaci\u00f3n (Magia de Luz), o por el contrario un deseo destructivo (Magia Oscura).Obviamente el efecto m\u00e1gico radica en el potencial del mago a la hora de poner en funcionamiento su forma de <strong>proyecci\u00f3n mental &#8211; astral.<\/strong><\/p>\n<p style=\"text-align: justify;\">Personas hablan del uso justificado de este tipo de t\u00e9cnica, bas\u00e1ndose en la ley del ojo por ojo y diente por diente <strong>(Tali\u00f3n).<\/strong> Tenemos que pensar que cada vez que se realiza un acto de este tipo, se pone en juego un nuevo egregor, que ir\u00e1 retroaliment\u00e1ndose de los pensamientos y energ\u00edas afines a \u00e9l.<\/p>\n<p style=\"text-align: justify;\">Destacar que una vez que se ha realizado el trabajo de proyecci\u00f3n, la v\u00edctima recibir\u00e1 el golpe de energ\u00eda y sufrir\u00e1 sus consecuencias. En un primer momento poco o nada se puede hacer para evitar el impacto energ\u00e9tico.<\/p>\n<p style=\"text-align: justify;\">No vamos a entrar en una descripci\u00f3n detallada del uso y la realizaci\u00f3n del trabajo, ya que no somos partidarios de dichas pr\u00e1cticas. Todo mago tiene una parte oscura que debe de ser canalizada hacia la <strong>Luz.<\/strong><\/p>\n<p style=\"text-align: justify;\"><strong>La Corte del Ingl\u00e9s.<\/strong><\/p>\n","protected":false},"excerpt":{"rendered":"<p>Debido a la gran cantidad de correos pidiendo una explicaci\u00f3n sobre Magia Negra, exponemos lo siguiente: Este tipo de pr\u00e1ctica est\u00e1 catalogada dentro de la Magia Oscura. El manejo de esta energ\u00eda conlleva introducirse irremediablemente al\u00a0mundo del bajo astral, as\u00ed como\u00a0ponerse en contacto con \u00a0todo tipo de egregores asociados al fin buscado (fuerzas energ\u00e9ticas similares [&hellip;]<\/p>\n","protected":false},"author":1,"featured_media":0,"comment_status":"closed","ping_status":"closed","sticky":false,"template":"","format":"standard","meta":{"footnotes":""},"categories":[18],"tags":[92],"class_list":["post-1516","post","type-post","status-publish","format-standard","hentry","category-magia","tag-magia-negra"],"_links":{"self":[{"href":"https:\/\/www.lacortedelingles.com\/blog\/wp-json\/wp\/v2\/posts\/1516","targetHints":{"allow":["GET"]}}],"collection":[{"href":"https:\/\/www.lacortedelingles.com\/blog\/wp-json\/wp\/v2\/posts"}],"about":[{"href":"https:\/\/www.lacortedelingles.com\/blog\/wp-json\/wp\/v2\/types\/post"}],"author":[{"embeddable":true,"href":"https:\/\/www.lacortedelingles.com\/blog\/wp-json\/wp\/v2\/users\/1"}],"replies":[{"embeddable":true,"href":"https:\/\/www.lacortedelingles.com\/blog\/wp-json\/wp\/v2\/comments?post=1516"}],"version-history":[{"count":6,"href":"https:\/\/www.lacortedelingles.com\/blog\/wp-json\/wp\/v2\/posts\/1516\/revisions"}],"predecessor-version":[{"id":2198,"href":"https:\/\/www.lacortedelingles.com\/blog\/wp-json\/wp\/v2\/posts\/1516\/revisions\/2198"}],"wp:attachment":[{"href":"https:\/\/www.lacortedelingles.com\/blog\/wp-json\/wp\/v2\/media?parent=1516"}],"wp:term":[{"taxonomy":"category","embeddable":true,"href":"https:\/\/www.lacortedelingles.com\/blog\/wp-json\/wp\/v2\/categories?post=1516"},{"taxonomy":"post_tag","embeddable":true,"href":"https:\/\/www.lacortedelingles.com\/blog\/wp-json\/wp\/v2\/tags?post=1516"}],"curies":[{"name":"wp","href":"https:\/\/api.w.org\/{rel}","templated":true}]}}