{"id":1579,"date":"2015-09-22T12:12:23","date_gmt":"2015-09-22T10:12:23","guid":{"rendered":"http:\/\/www.lacortedelingles.com\/blog\/?p=1579"},"modified":"2016-06-07T23:49:44","modified_gmt":"2016-06-07T21:49:44","slug":"la-batalla-continua","status":"publish","type":"post","link":"https:\/\/www.lacortedelingles.com\/blog\/la-batalla-continua\/","title":{"rendered":"La batalla continua."},"content":{"rendered":"<p><a href=\"http:\/\/www.lacortedelingles.com\/blog\/wp-content\/uploads\/2015\/09\/placa.jpg\"><img loading=\"lazy\" decoding=\"async\" class=\" size-full wp-image-1578 aligncenter\" src=\"http:\/\/www.lacortedelingles.com\/blog\/wp-content\/uploads\/2015\/09\/placa.jpg\" alt=\"placa\" width=\"500\" height=\"303\" \/><\/a><\/p>\n<p>En 1307, el Papa\u00a0Clemente V, Beltr\u00e1n de Goth y el\u00a0rey de Francia,\u00a0Felipe IV, ordenaron la detenci\u00f3n de <strong>Jacques de Molay<\/strong> y la de los dem\u00e1s caballeros bajo la acusaci\u00f3n de\u00a0sacrilegio\u00a0contra la Santa Cruz,\u00a0simon\u00eda,\u00a0herej\u00eda\u00a0e\u00a0idolatr\u00eda\u00a0hacia\u00a0Baphomet\u00a0y\u00a0<strong>Lucifer.\u00a0<\/strong><\/p>\n<p style=\"text-align: justify;\">Molay declar\u00f3 y reconoci\u00f3, bajo tortura, los cargos que le hab\u00edan sido impuestos; aunque con posterioridad se retract\u00f3, y por ello en 1314 fue quemado vivo en la hoguera frente a la\u00a0Catedral de <strong>Notre Dame<\/strong>, donde nuevamente volvi\u00f3 a retractarse, en forma p\u00fablica, de cuantas acusaciones se hab\u00eda visto obligado a admitir, proclamando la inocencia de la Orden y, seg\u00fan la leyenda, maldiciendo a los culpables de la conspiraci\u00f3n:<\/p>\n<p style=\"text-align: justify;\">Dios sabe qui\u00e9n se equivoca y ha pecado y la desgracia se abatir\u00e1 pronto sobre aquellos que nos han condenado sin raz\u00f3n. Dios vengar\u00e1 nuestra muerte. Se\u00f1or, sabed que, en verdad, todos aquellos que nos son contrarios, por nosotros van a sufrir.\u00bb \u00ab<strong>Clemente, y t\u00fa tambi\u00e9n Felipe, traidores a la palabra dada,<\/strong> \u00a1<strong>os emplazo a los dos ante el Tribunal de Dios<\/strong>!&#8230; <strong>A ti, Clemente, antes de cuarenta d\u00edas, y a ti, Felipe, dentro de este a\u00f1o..<\/strong><\/p>\n<p style=\"text-align: justify;\">En el plazo de un a\u00f1o, dicha <strong>maldici\u00f3n<\/strong> sup\u00fasose que comenzaba a cumplirse, con la muerte de\u00a0<strong>Clemente V<\/strong>, que falleci\u00f3 el 20 de abril de 1314, la de <strong>Felipe IV<\/strong>, (que seg\u00fan Maurice Druon\u00a0muri\u00f3 a causa de un accidente cerebrovascular durante una partida de caza el d\u00eda 29 de noviembre de 1314, y finalmente la de\u00a0Guillermo de Nogaret, que muri\u00f3 envenenado ese mismo a\u00f1o.<\/p>\n<p style=\"text-align: justify;\"><strong>La guerra de los Magos.<\/strong><\/p>\n<p style=\"text-align: justify;\">Cuando,en enero de 1893, muri\u00f3 de repente en Li\u00f3n el doctor Johann\u00e9s (el abate Boullan),era conocida la rivalidad que enfrentaba a aquel mago con los Rosacrucianos, a quienes acusaba de ser magos negros, y corri\u00f3 el rumor de que estos \u00faltimos le hab\u00edan enviado a la muerte mediante sus pr\u00e1cticas ocultas.Jules Bois public\u00f3 una acusaci\u00f3n que apuntaba contra Stanislas de Guaita,rosacruciano.Huysmans acudi\u00f3 a renovar aquella acusaci\u00f3n y a revelar que tambi\u00e9n \u00e9l sufr\u00eda los nocivos sortilegios de los Rosacruz.<\/p>\n<p style=\"text-align: justify;\">Guaita replic\u00f3.Y fue la guerra de los magos.El libro que public\u00f3 Guaita se llamaba la Serpiente del G\u00e9nesis,en el que denunciaba a los satanistas \u00a0<strong>Vintras<\/strong> y al abate <strong>Boullan<\/strong>;el doctor Johann\u00e9s es tratado de p\u00f3ntife de infamia,\u00eddolo abyecto de la sodom\u00eda m\u00edstica,goetiano de la peor especie,hombre miserable y criminal,brujo y promotor de una secta inmunda.<\/p>\n","protected":false},"excerpt":{"rendered":"<p>En 1307, el Papa\u00a0Clemente V, Beltr\u00e1n de Goth y el\u00a0rey de Francia,\u00a0Felipe IV, ordenaron la detenci\u00f3n de Jacques de Molay y la de los dem\u00e1s caballeros bajo la acusaci\u00f3n de\u00a0sacrilegio\u00a0contra la Santa Cruz,\u00a0simon\u00eda,\u00a0herej\u00eda\u00a0e\u00a0idolatr\u00eda\u00a0hacia\u00a0Baphomet\u00a0y\u00a0Lucifer.\u00a0 Molay declar\u00f3 y reconoci\u00f3, bajo tortura, los cargos que le hab\u00edan sido impuestos; aunque con posterioridad se retract\u00f3, y por ello en [&hellip;]<\/p>\n","protected":false},"author":1,"featured_media":0,"comment_status":"closed","ping_status":"closed","sticky":false,"template":"","format":"standard","meta":{"footnotes":""},"categories":[18],"tags":[162],"class_list":["post-1579","post","type-post","status-publish","format-standard","hentry","category-magia","tag-maldicion"],"_links":{"self":[{"href":"https:\/\/www.lacortedelingles.com\/blog\/wp-json\/wp\/v2\/posts\/1579","targetHints":{"allow":["GET"]}}],"collection":[{"href":"https:\/\/www.lacortedelingles.com\/blog\/wp-json\/wp\/v2\/posts"}],"about":[{"href":"https:\/\/www.lacortedelingles.com\/blog\/wp-json\/wp\/v2\/types\/post"}],"author":[{"embeddable":true,"href":"https:\/\/www.lacortedelingles.com\/blog\/wp-json\/wp\/v2\/users\/1"}],"replies":[{"embeddable":true,"href":"https:\/\/www.lacortedelingles.com\/blog\/wp-json\/wp\/v2\/comments?post=1579"}],"version-history":[{"count":4,"href":"https:\/\/www.lacortedelingles.com\/blog\/wp-json\/wp\/v2\/posts\/1579\/revisions"}],"predecessor-version":[{"id":2197,"href":"https:\/\/www.lacortedelingles.com\/blog\/wp-json\/wp\/v2\/posts\/1579\/revisions\/2197"}],"wp:attachment":[{"href":"https:\/\/www.lacortedelingles.com\/blog\/wp-json\/wp\/v2\/media?parent=1579"}],"wp:term":[{"taxonomy":"category","embeddable":true,"href":"https:\/\/www.lacortedelingles.com\/blog\/wp-json\/wp\/v2\/categories?post=1579"},{"taxonomy":"post_tag","embeddable":true,"href":"https:\/\/www.lacortedelingles.com\/blog\/wp-json\/wp\/v2\/tags?post=1579"}],"curies":[{"name":"wp","href":"https:\/\/api.w.org\/{rel}","templated":true}]}}