{"id":1591,"date":"2015-09-29T00:50:12","date_gmt":"2015-09-28T22:50:12","guid":{"rendered":"http:\/\/www.lacortedelingles.com\/blog\/?p=1591"},"modified":"2015-10-28T23:07:55","modified_gmt":"2015-10-28T21:07:55","slug":"por-encima-del-bien-y-del-mal","status":"publish","type":"post","link":"https:\/\/www.lacortedelingles.com\/blog\/por-encima-del-bien-y-del-mal\/","title":{"rendered":"\u00bfPor encima del Bien y del Mal?."},"content":{"rendered":"<p><iframe loading=\"lazy\" src=\"https:\/\/www.youtube.com\/embed\/KqUX70mle_s?rel=0\" width=\"640\" height=\"480\" frameborder=\"0\" allowfullscreen=\"allowfullscreen\"><\/iframe><\/p>\n<p style=\"text-align: justify;\"><strong>Mar\u00eda Magdalena<\/strong>\u00a0era una sacerdotisa que fue compa\u00f1era de\u00a0<em>Jes\u00fas<\/em>\u00a0en una pareja ritual, lo mismo que\u00a0<strong>Helena<\/strong>\u00a0lo fue de\u00a0Sim\u00f3n el Mago. La\u00a0<strong>naturaleza sexual de su relaci\u00f3n<\/strong>\u00a0queda expl\u00edcita en muchos de los textos gn\u00f3sticos que\u00a0<em>la Iglesia no permiti\u00f3 fuesen incluidos en el Nuevo Testamento<\/em>.<\/p>\n<p style=\"text-align: justify;\">Todo intento de ataque llevado a cabo contra la \u201csupuesta <strong>fuente\u201d <\/strong>de origen desatar\u00e1 una fuerza que actuar\u00e1 como un <strong>boomerang<\/strong> hacia todos los responsables del acto.<\/p>\n<p style=\"text-align: justify;\">Creo que a estas alturas eres sabedor de la fuente de energ\u00eda m\u00e1s poderosa del universo.<\/p>\n<p style=\"text-align: justify;\"><img loading=\"lazy\" decoding=\"async\" class=\"alignleft size-full wp-image-1593\" src=\"http:\/\/www.lacortedelingles.com\/blog\/wp-content\/uploads\/2015\/09\/fuerza.jpg\" alt=\"fuerza\" width=\"193\" height=\"333\" \/><\/p>\n<p style=\"text-align: justify;\">Debes tener muy presente el origen (<strong>voluntad<\/strong>) de creaci\u00f3n de esa fuerza fruto de la uni\u00f3n en un ritual.Nunca debes efectuar actos que alteren o provoquen una acci\u00f3n contraria al fin perseguido.Solo conseguir\u00edas aumentar su poder de manifestaci\u00f3n, haci\u00e9ndolo cada vez m\u00e1s denso e intenso.Lo sentir\u00e1s con mayor asiduidad en tu atmosfera.Recuerda que ese\u00a0principio de fuerza nace como respuesta a tu\u00a0<strong>codicia<\/strong>, y al <strong>desprecio por el pr\u00f3jimo<\/strong>.<\/p>\n<p style=\"text-align: justify;\">Si la fuerza es manifiestable, es debido a que cumple con los principios de la unidad y el todo,de lo contrario no existir\u00eda.<\/p>\n<p style=\"text-align: justify;\">Deja que se disipe no luches contra ella.<\/p>\n<p style=\"text-align: justify;\">Como hacerlo:<\/p>\n<ul style=\"text-align: justify;\">\n<li>Se correcto en tus actos.<\/li>\n<li>Se honesto con tus palabras.<\/li>\n<li>No hagas al pr\u00f3jimo lo que no quieras que te hagan a ti.<\/li>\n<\/ul>\n<p style=\"text-align: justify;\"><strong>La Corte del Ingl\u00e9s.<\/strong><\/p>\n","protected":false},"excerpt":{"rendered":"<p>Mar\u00eda Magdalena\u00a0era una sacerdotisa que fue compa\u00f1era de\u00a0Jes\u00fas\u00a0en una pareja ritual, lo mismo que\u00a0Helena\u00a0lo fue de\u00a0Sim\u00f3n el Mago. La\u00a0naturaleza sexual de su relaci\u00f3n\u00a0queda expl\u00edcita en muchos de los textos gn\u00f3sticos que\u00a0la Iglesia no permiti\u00f3 fuesen incluidos en el Nuevo Testamento. Todo intento de ataque llevado a cabo contra la \u201csupuesta fuente\u201d de origen desatar\u00e1 una [&hellip;]<\/p>\n","protected":false},"author":1,"featured_media":0,"comment_status":"closed","ping_status":"closed","sticky":false,"template":"","format":"standard","meta":{"footnotes":""},"categories":[18],"tags":[60],"class_list":["post-1591","post","type-post","status-publish","format-standard","hentry","category-magia","tag-ritual"],"_links":{"self":[{"href":"https:\/\/www.lacortedelingles.com\/blog\/wp-json\/wp\/v2\/posts\/1591","targetHints":{"allow":["GET"]}}],"collection":[{"href":"https:\/\/www.lacortedelingles.com\/blog\/wp-json\/wp\/v2\/posts"}],"about":[{"href":"https:\/\/www.lacortedelingles.com\/blog\/wp-json\/wp\/v2\/types\/post"}],"author":[{"embeddable":true,"href":"https:\/\/www.lacortedelingles.com\/blog\/wp-json\/wp\/v2\/users\/1"}],"replies":[{"embeddable":true,"href":"https:\/\/www.lacortedelingles.com\/blog\/wp-json\/wp\/v2\/comments?post=1591"}],"version-history":[{"count":5,"href":"https:\/\/www.lacortedelingles.com\/blog\/wp-json\/wp\/v2\/posts\/1591\/revisions"}],"predecessor-version":[{"id":1597,"href":"https:\/\/www.lacortedelingles.com\/blog\/wp-json\/wp\/v2\/posts\/1591\/revisions\/1597"}],"wp:attachment":[{"href":"https:\/\/www.lacortedelingles.com\/blog\/wp-json\/wp\/v2\/media?parent=1591"}],"wp:term":[{"taxonomy":"category","embeddable":true,"href":"https:\/\/www.lacortedelingles.com\/blog\/wp-json\/wp\/v2\/categories?post=1591"},{"taxonomy":"post_tag","embeddable":true,"href":"https:\/\/www.lacortedelingles.com\/blog\/wp-json\/wp\/v2\/tags?post=1591"}],"curies":[{"name":"wp","href":"https:\/\/api.w.org\/{rel}","templated":true}]}}