{"id":1705,"date":"2015-10-31T13:35:10","date_gmt":"2015-10-31T11:35:10","guid":{"rendered":"http:\/\/www.lacortedelingles.com\/blog\/?p=1705"},"modified":"2015-10-31T15:23:29","modified_gmt":"2015-10-31T13:23:29","slug":"176-halloween-2015","status":"publish","type":"post","link":"https:\/\/www.lacortedelingles.com\/blog\/176-halloween-2015\/","title":{"rendered":"176 Halloween 2015"},"content":{"rendered":"<p><iframe loading=\"lazy\" src=\"https:\/\/www.youtube.com\/embed\/UrfFHzqGBZI?rel=0\" width=\"640\" height=\"480\" frameborder=\"0\" allowfullscreen=\"allowfullscreen\"><\/iframe><\/p>\n<p style=\"text-align: justify;\">En esta fecha los muertos y los vivos se hallan en una proximidad especial ,para brindar en honor de los que se fueron dese\u00e1ndoles \u00a0buen viaje en su camino hacia la <strong>iluminaci\u00f3n.<\/strong><\/p>\n<p style=\"text-align: justify;\"><strong>Halloween<\/strong> corresponde al festival Ga\u00e9lico del fuego Shamhain.<\/p>\n<p style=\"text-align: justify;\"><img loading=\"lazy\" decoding=\"async\" class=\"size-full wp-image-1707 aligncenter\" src=\"http:\/\/www.lacortedelingles.com\/blog\/wp-content\/uploads\/2015\/10\/luna.jpg\" alt=\"luna\" width=\"1680\" height=\"1050\" \/><\/p>\n<p style=\"text-align: justify;\">Desde la m\u00e1s profunda oscuridad y recogimiento, proyectamos nuestra mirada hacia nuestro interior para buscar en el camino hacia las profundidades,donde rige y mora el poder de la Diosa en su forma oscura ,H\u00e9cate, Isis, Annis la Negra ,rectora de los destinos de las almas cuando abandonan la cobertura de los cuerpos.<\/p>\n<p style=\"text-align: justify;\">Aqu\u00ed una parte del rito que comienza en la oscuridad, mientras el sacerdote invoca las fuerzas de la DIOSA.<\/p>\n<p style=\"text-align: justify;\">\u00a1Oh Diosa de lo profundo,que moras en la oscuridad! Abre unos instantes las puertas de tu reino y perm\u00edtenos compartir nuestro amor con los que se fueron y libera las fuerzas que puedan permitirnos depurar nuestras almas y <strong>renacer en el seno de la LUZ<\/strong>, en alas de tu fuerza c\u00edclica, de tus mareas de vida y muerte, de tu poder de muerte y resurrecci\u00f3n para las almas.<\/p>\n<ul style=\"text-align: justify;\">\n<li>La clave de este ritual es la comunicaci\u00f3n con los del <strong>otro lado<\/strong>, as\u00ed como <strong>la quema<\/strong> de nuestros propios aspectos negativos de los que deseamos desprender.<\/li>\n<\/ul>\n<p style=\"text-align: justify;\"><strong>Manuel Seral Coca<\/strong><\/p>\n","protected":false},"excerpt":{"rendered":"<p>En esta fecha los muertos y los vivos se hallan en una proximidad especial ,para brindar en honor de los que se fueron dese\u00e1ndoles \u00a0buen viaje en su camino hacia la iluminaci\u00f3n. Halloween corresponde al festival Ga\u00e9lico del fuego Shamhain. Desde la m\u00e1s profunda oscuridad y recogimiento, proyectamos nuestra mirada hacia nuestro interior para buscar [&hellip;]<\/p>\n","protected":false},"author":1,"featured_media":0,"comment_status":"closed","ping_status":"closed","sticky":false,"template":"","format":"standard","meta":{"footnotes":""},"categories":[18],"tags":[60],"class_list":["post-1705","post","type-post","status-publish","format-standard","hentry","category-magia","tag-ritual"],"_links":{"self":[{"href":"https:\/\/www.lacortedelingles.com\/blog\/wp-json\/wp\/v2\/posts\/1705","targetHints":{"allow":["GET"]}}],"collection":[{"href":"https:\/\/www.lacortedelingles.com\/blog\/wp-json\/wp\/v2\/posts"}],"about":[{"href":"https:\/\/www.lacortedelingles.com\/blog\/wp-json\/wp\/v2\/types\/post"}],"author":[{"embeddable":true,"href":"https:\/\/www.lacortedelingles.com\/blog\/wp-json\/wp\/v2\/users\/1"}],"replies":[{"embeddable":true,"href":"https:\/\/www.lacortedelingles.com\/blog\/wp-json\/wp\/v2\/comments?post=1705"}],"version-history":[{"count":6,"href":"https:\/\/www.lacortedelingles.com\/blog\/wp-json\/wp\/v2\/posts\/1705\/revisions"}],"predecessor-version":[{"id":1712,"href":"https:\/\/www.lacortedelingles.com\/blog\/wp-json\/wp\/v2\/posts\/1705\/revisions\/1712"}],"wp:attachment":[{"href":"https:\/\/www.lacortedelingles.com\/blog\/wp-json\/wp\/v2\/media?parent=1705"}],"wp:term":[{"taxonomy":"category","embeddable":true,"href":"https:\/\/www.lacortedelingles.com\/blog\/wp-json\/wp\/v2\/categories?post=1705"},{"taxonomy":"post_tag","embeddable":true,"href":"https:\/\/www.lacortedelingles.com\/blog\/wp-json\/wp\/v2\/tags?post=1705"}],"curies":[{"name":"wp","href":"https:\/\/api.w.org\/{rel}","templated":true}]}}