{"id":1727,"date":"2015-11-05T23:26:46","date_gmt":"2015-11-05T21:26:46","guid":{"rendered":"http:\/\/www.lacortedelingles.com\/blog\/?p=1727"},"modified":"2015-11-05T23:27:31","modified_gmt":"2015-11-05T21:27:31","slug":"el-silencio-fue-la-respuesta-acertada","status":"publish","type":"post","link":"https:\/\/www.lacortedelingles.com\/blog\/el-silencio-fue-la-respuesta-acertada\/","title":{"rendered":"El silencio fue la respuesta acertada."},"content":{"rendered":"<p><iframe loading=\"lazy\" src=\"https:\/\/www.youtube.com\/embed\/rtcv6P9dSqw?rel=0\" width=\"640\" height=\"480\" frameborder=\"0\" allowfullscreen=\"allowfullscreen\"><\/iframe><\/p>\n<p style=\"text-align: justify;\"><strong>Cuando al Maestro Jes\u00fas, Pilatos le pregunto: \u00bfcu\u00e1l era esa Verdad de la que \u00e9l hablaba?<\/strong> Su respuesta fue el silencio. No dijo nada, \u00a1o quiz\u00e1s respondi\u00f3! <strong>y el silencio fue la respuesta acertada<\/strong>&#8230; Una vez estaban discutiendo, apasionadamente dos monjes budistas en el jard\u00edn, sobre la verdad, si era esto o aquello, y por aquellos lugares estaba el venerable Buda, paseando gozadamente, y fue r\u00e1pidamente abordado por esos dos j\u00f3venes monjes, y le preguntaron exaltados; Maestro \u00bfcu\u00e1l es la Verdad?<\/p>\n<p style=\"text-align: justify;\">El venerable Buda sin hacer ning\u00fan gesto y en profundo silencio sigui\u00f3 su camino. No respondi\u00f3 nada, o \u00a1quiz\u00e1 s\u00ed! y <strong>el silencio, fue nuevamente la respuesta m\u00e1s acertada<\/strong>. <strong>Jes\u00fas dijo:\u201dConoced la Verdad y ella os har\u00e1 libres\u201d.<\/strong> Porque la verdad libera verdaderamente, y es un alimento que da Inmortalidad, por que no solamente de pan vive el hombre sino de toda palabra salida de Dios. Pero no son los sentidos ni el intelecto los que se alimentan de la Verdad, ya que ellos se alimentan de est\u00edmulos y conocimientos, ya sean estos ciertos o err\u00f3neos, pr\u00e1cticos o superficiales.<\/p>\n<p style=\"text-align: justify;\">Observamos en la vida a individuos que saben mucho, que tienen varia carreras, y son elocuentes y locuaces del saber humano, personas que tienen un nivel de inteligencia muy alto pero que sin embargo tampoco son \u201clibres\u201den verdad.Tienen los mismos problemas que cualquiera y sufren por las mismas causas que los dem\u00e1s. Luego no es la \u201cverdad del mundo\u201d la que nos hace libres y a la que se refer\u00eda el Maestro Jes\u00fas. Es otro alimento, y el que se nutre no es el intelecto humano, sino que <strong>es el alma el que se alimenta de Verdad.<\/strong><\/p>\n<p style=\"text-align: justify;\">Autor: <strong>Francisco Redondo<\/strong><\/p>\n","protected":false},"excerpt":{"rendered":"<p>Cuando al Maestro Jes\u00fas, Pilatos le pregunto: \u00bfcu\u00e1l era esa Verdad de la que \u00e9l hablaba? Su respuesta fue el silencio. No dijo nada, \u00a1o quiz\u00e1s respondi\u00f3! y el silencio fue la respuesta acertada&#8230; Una vez estaban discutiendo, apasionadamente dos monjes budistas en el jard\u00edn, sobre la verdad, si era esto o aquello, y por [&hellip;]<\/p>\n","protected":false},"author":1,"featured_media":0,"comment_status":"closed","ping_status":"closed","sticky":false,"template":"","format":"standard","meta":{"footnotes":""},"categories":[17],"tags":[180],"class_list":["post-1727","post","type-post","status-publish","format-standard","hentry","category-espiritualidad","tag-el-silencio"],"_links":{"self":[{"href":"https:\/\/www.lacortedelingles.com\/blog\/wp-json\/wp\/v2\/posts\/1727","targetHints":{"allow":["GET"]}}],"collection":[{"href":"https:\/\/www.lacortedelingles.com\/blog\/wp-json\/wp\/v2\/posts"}],"about":[{"href":"https:\/\/www.lacortedelingles.com\/blog\/wp-json\/wp\/v2\/types\/post"}],"author":[{"embeddable":true,"href":"https:\/\/www.lacortedelingles.com\/blog\/wp-json\/wp\/v2\/users\/1"}],"replies":[{"embeddable":true,"href":"https:\/\/www.lacortedelingles.com\/blog\/wp-json\/wp\/v2\/comments?post=1727"}],"version-history":[{"count":2,"href":"https:\/\/www.lacortedelingles.com\/blog\/wp-json\/wp\/v2\/posts\/1727\/revisions"}],"predecessor-version":[{"id":1729,"href":"https:\/\/www.lacortedelingles.com\/blog\/wp-json\/wp\/v2\/posts\/1727\/revisions\/1729"}],"wp:attachment":[{"href":"https:\/\/www.lacortedelingles.com\/blog\/wp-json\/wp\/v2\/media?parent=1727"}],"wp:term":[{"taxonomy":"category","embeddable":true,"href":"https:\/\/www.lacortedelingles.com\/blog\/wp-json\/wp\/v2\/categories?post=1727"},{"taxonomy":"post_tag","embeddable":true,"href":"https:\/\/www.lacortedelingles.com\/blog\/wp-json\/wp\/v2\/tags?post=1727"}],"curies":[{"name":"wp","href":"https:\/\/api.w.org\/{rel}","templated":true}]}}