{"id":1958,"date":"2016-02-05T15:18:31","date_gmt":"2016-02-05T13:18:31","guid":{"rendered":"http:\/\/www.lacortedelingles.com\/blog\/?p=1958"},"modified":"2016-02-05T21:01:02","modified_gmt":"2016-02-05T19:01:02","slug":"el-egregor-de-la-corte","status":"publish","type":"post","link":"https:\/\/www.lacortedelingles.com\/blog\/el-egregor-de-la-corte\/","title":{"rendered":"El Egregor de La Corte."},"content":{"rendered":"<p><iframe loading=\"lazy\" src=\"https:\/\/www.youtube.com\/embed\/G1G9D8A4Fiw?rel=0\" width=\"640\" height=\"360\" frameborder=\"0\" allowfullscreen=\"allowfullscreen\"><\/iframe><\/p>\n<p style=\"text-align: justify;\"><strong>Dos fuerzas<\/strong> est\u00e1n en permanente lucha.De un lado la energ\u00eda del <strong>amor<\/strong> y la <strong>compasi\u00f3n<\/strong> y del otro el <strong>odio<\/strong> y la <strong>ira<\/strong>. Este <strong>alojamiento digital<\/strong>,es utilizado por entidades de uno y otro polo.<br \/>\nNotar\u00e1s, que una sutil \u201c<strong>tentaci\u00f3n<\/strong>\u201d hace acto de presencia con el fin de alterar tus pensamientos.Un <strong>pensamiento,<\/strong> ( positivo \/ negativo) proyectado con la intensidad adecuada, es m\u00e1s que suficiente para poner en marcha las energ\u00edas en el <strong>astral,<\/strong> poniendo de manifiesto la cadena de materializaciones a trav\u00e9s del <strong>egregor,<\/strong> creado en la web y funcionando de forma aut\u00f3noma e independiente a la mente de su creador.Por el momento la carga de energ\u00eda est\u00e1 siendo nivelada, gracias a un <strong>equilibrio energ\u00e9tico<\/strong> de fuerzas positivas y negativas.La energ\u00eda de este egregor es alimentada en principio por un colectivo de personas con una elevada <strong>capacidad sensitiva<\/strong>.Este campo energ\u00e9tico se va alimentando de <strong>energ\u00edas afines<\/strong> estando en permanente transformaci\u00f3n.<\/p>\n<p style=\"text-align: justify;\"><img loading=\"lazy\" decoding=\"async\" class=\"size-full wp-image-974 aligncenter\" src=\"http:\/\/www.lacortedelingles.com\/blog\/wp-content\/uploads\/2014\/12\/LUCHA.jpg\" alt=\"LUCHA\" width=\"1848\" height=\"1321\" \/><\/p>\n<p style=\"text-align: justify;\"><strong>Mantenerse neutral<\/strong> a la direcci\u00f3n que tome la fuerza del egregor,ser\u00e1 uno de los retos que su creador deber\u00e1 asumir.<strong>Imagina<\/strong> por un momento, que tienes la capacidad de <strong>canalizar la fuerza de este egregor<\/strong>\u00a0 y\u00a0 utilizarla para proyectar diferentes energ\u00edas.<br \/>\n\u00bfAumentar\u00edas el campo de<strong> energ\u00eda negativa,<\/strong> perjudicando con ello a todos a los que has visualizado previamente, o por el contrario elegir\u00edas la opci\u00f3n de<strong> transcender<\/strong> a un plano superior al asimilar las consecuencias que te son dadas durante <strong>tu camino<\/strong> de aprendizaje?.<br \/>\nEsta fuerza est\u00e1 en <strong>permanente vibraci\u00f3n<\/strong>,abarcando la unidad del cosmos.Cuida tus pensamientos,ya que estos son parte relevante del <strong>inconsciente colectivo<\/strong>.<br \/>\nLa \u00fanica forma de mantener la energ\u00eda equilibrada es mediante su opuesto.<br \/>\nExisten<strong> 5<\/strong>\u00a0 importantes centros espirituales de energ\u00eda.<\/p>\n<p style=\"text-align: justify;\">1- Esp\u00edritu<br \/>\n2- Aire<br \/>\n3- Fuego<br \/>\n4- Agua<br \/>\n5- Tierra<\/p>\n<p style=\"text-align: justify;\">Existen mecanismos por los que podemos ser conscientes de estos centros, para despertarlos de su estado durmiente, a fin de que puedan funcionar de un modo apropiado:<br \/>\nEstos tres medios son el <strong>pensamiento<\/strong>, el <strong>color<\/strong> y el<strong> sonido<\/strong>.<br \/>\n<strong>El Egregor<\/strong> es un regalo, para todos los que participan en <strong>La Corte<\/strong> de una forma u otra.<\/p>\n<p style=\"text-align: justify;\"><strong>LA<\/strong> CORTE DEL INGL\u00c9S.<\/p>\n","protected":false},"excerpt":{"rendered":"<p>Dos fuerzas est\u00e1n en permanente lucha.De un lado la energ\u00eda del amor y la compasi\u00f3n y del otro el odio y la ira. Este alojamiento digital,es utilizado por entidades de uno y otro polo. Notar\u00e1s, que una sutil \u201ctentaci\u00f3n\u201d hace acto de presencia con el fin de alterar tus pensamientos.Un pensamiento, ( positivo \/ negativo) [&hellip;]<\/p>\n","protected":false},"author":1,"featured_media":0,"comment_status":"closed","ping_status":"closed","sticky":false,"template":"","format":"standard","meta":{"footnotes":""},"categories":[17],"tags":[],"class_list":["post-1958","post","type-post","status-publish","format-standard","hentry","category-espiritualidad"],"_links":{"self":[{"href":"https:\/\/www.lacortedelingles.com\/blog\/wp-json\/wp\/v2\/posts\/1958","targetHints":{"allow":["GET"]}}],"collection":[{"href":"https:\/\/www.lacortedelingles.com\/blog\/wp-json\/wp\/v2\/posts"}],"about":[{"href":"https:\/\/www.lacortedelingles.com\/blog\/wp-json\/wp\/v2\/types\/post"}],"author":[{"embeddable":true,"href":"https:\/\/www.lacortedelingles.com\/blog\/wp-json\/wp\/v2\/users\/1"}],"replies":[{"embeddable":true,"href":"https:\/\/www.lacortedelingles.com\/blog\/wp-json\/wp\/v2\/comments?post=1958"}],"version-history":[{"count":7,"href":"https:\/\/www.lacortedelingles.com\/blog\/wp-json\/wp\/v2\/posts\/1958\/revisions"}],"predecessor-version":[{"id":1965,"href":"https:\/\/www.lacortedelingles.com\/blog\/wp-json\/wp\/v2\/posts\/1958\/revisions\/1965"}],"wp:attachment":[{"href":"https:\/\/www.lacortedelingles.com\/blog\/wp-json\/wp\/v2\/media?parent=1958"}],"wp:term":[{"taxonomy":"category","embeddable":true,"href":"https:\/\/www.lacortedelingles.com\/blog\/wp-json\/wp\/v2\/categories?post=1958"},{"taxonomy":"post_tag","embeddable":true,"href":"https:\/\/www.lacortedelingles.com\/blog\/wp-json\/wp\/v2\/tags?post=1958"}],"curies":[{"name":"wp","href":"https:\/\/api.w.org\/{rel}","templated":true}]}}