{"id":2057,"date":"2016-03-27T16:16:46","date_gmt":"2016-03-27T14:16:46","guid":{"rendered":"http:\/\/www.lacortedelingles.com\/blog\/?p=2057"},"modified":"2016-03-27T16:18:43","modified_gmt":"2016-03-27T14:18:43","slug":"19-propaganda","status":"publish","type":"post","link":"https:\/\/www.lacortedelingles.com\/blog\/19-propaganda\/","title":{"rendered":"19  Propaganda."},"content":{"rendered":"<p><iframe loading=\"lazy\" src=\"https:\/\/www.youtube.com\/embed\/mZ_GgOysu6o?rel=0\" width=\"640\" height=\"480\" frameborder=\"0\" allowfullscreen=\"allowfullscreen\"><\/iframe><\/p>\n<p style=\"text-align: justify;\">Si bien en todas las \u00e9pocas los poderosos de turno supieron cuidar su popularidad,utilizar (m\u00e1s o menos emp\u00edricamente) los procedimientos que le permit\u00edan asentar su dominaci\u00f3n en las mentes ,en el siglo XX se ha visto a los distintos reg\u00edmenes,a las ideolog\u00edas adversas,poner en juego unas t\u00e9cnicas muy h\u00e1biles de propaganda destinadas a sugestionar a las masas.<\/p>\n<p style=\"text-align: justify;\">\u00bfQu\u00e9 es la propaganda?.Podr\u00edamos definirla familiarmente de este modo:una forma estatal,oficial,de la publicidad,pero con un proselitismo mucho m\u00e1s intenso.<\/p>\n<p style=\"text-align: justify;\"><img loading=\"lazy\" decoding=\"async\" class=\"alignleft size-full wp-image-2059\" src=\"http:\/\/www.lacortedelingles.com\/blog\/wp-content\/uploads\/2016\/03\/PropagandaNaziJapaneseMonster.gif\" alt=\"PropagandaNaziJapaneseMonster\" width=\"391\" height=\"585\" \/><\/p>\n<p style=\"text-align: justify;\">Se trata verdaderamente de obligar a los individuos a dar su adhesi\u00f3n al sistema,a la ideolog\u00eda que hace la propaganda.<\/p>\n<p style=\"text-align: justify;\">Sin ninguna tendencia,ning\u00fan r\u00e9gimen,puede evitar tener su propaganda,hay que reconocer que son los sistemas totalitarios quienes han desarrollado m\u00e1s y mejor las t\u00e9cnicas ( ya que no es otra cosa) de condicionamiento de las mentes<strong>.\u00bfNo se trata,pues ,de una forma moderna de hechizo?.<\/strong><\/p>\n<p style=\"text-align: justify;\">\n<p style=\"text-align: justify;\">\n<p style=\"text-align: justify;\">\n<p style=\"text-align: justify;\">La propaganda bien concebida,para ser eficaz,ha de ser a la vez <strong>negativa y positiva.<\/strong>Bajo un aspecto negativo se tratar\u00e1 de considerar los puntos de vista adversos.Mostrar\u00e1n tener mucha mala fe cuando tales ataques den en el blanco de las masas.La propaganda sabr\u00e1 tambi\u00e9n desviar la c\u00f3lera del individuo medio contra los chivos expiatorios juiciosamente escogidos para asustarle e indignarle.<\/p>\n<p style=\"text-align: justify;\">Bajo su aspecto positivo,la propaganda,utilizar\u00e1 todos los medios capaces de obtener de las masas una verdadera \u201c<strong>intoxicaci\u00f3n\u201d imaginativa<\/strong>.No ser\u00e1 necesario en absoluto,sino al contrario,apelar a la inteligencia o al razonamiento.<\/p>\n<p style=\"text-align: justify;\"><strong>Hitler<\/strong> y su ministro <strong>Goebbels<\/strong> sab\u00edan muy bien que ,para dirigirse eficazmente a una colectividad,la propaganda deb\u00eda apuntar prioritariamente hacia <strong>el elemento m\u00e1s bajo desde el punto de vista intelectual<\/strong>.Es de sobra conocido que entre las multitudes la polarizaci\u00f3n afectiva no se da forzosamente alrededor del m\u00e1s inteligente,sino al contrario.<\/p>\n<p style=\"text-align: justify;\">Toda propaganda h\u00e1bil sabe actuar a la vez sobre el <strong>psiquismo de superficie<\/strong> y sobre las capas <strong>instintivas e imaginativas profundas.<\/strong><\/p>\n<p style=\"text-align: justify;\">Todo especialista de la propaganda ( y de la publicidad) debe ser ipso facto un h\u00e1bil <strong>psic\u00f3logo<\/strong>,totalmente <strong>al corriente de las mentalidades individuales y colectivas<\/strong>,de los <strong>mecanismos ps\u00edquicos de las mismas<\/strong>.Conoce muy bien,por ejemplo,la forma como las reacciones emotivas suscitadas por tal o cual situaci\u00f3n vivida.Deber\u00e1 conocer las leyes de estructura que rigen la percepci\u00f3n exterior,al igual que las <strong>que unan la afectividad a la imaginaci\u00f3n<\/strong>.Deber\u00e1 percibir de d\u00f3nde sopla el viento\u2026y qu\u00e9 direcci\u00f3n seguir\u00e1,so pena de actuar a destiempo.Es de sobras conocido que las actitudes emotivas ,de simpat\u00eda y de antipat\u00eda, del hombre medio,son <strong>susceptibles de cambiar bruscamente de direcci\u00f3n.<\/strong><\/p>\n<p>&nbsp;<\/p>\n","protected":false},"excerpt":{"rendered":"<p>Si bien en todas las \u00e9pocas los poderosos de turno supieron cuidar su popularidad,utilizar (m\u00e1s o menos emp\u00edricamente) los procedimientos que le permit\u00edan asentar su dominaci\u00f3n en las mentes ,en el siglo XX se ha visto a los distintos reg\u00edmenes,a las ideolog\u00edas adversas,poner en juego unas t\u00e9cnicas muy h\u00e1biles de propaganda destinadas a sugestionar a [&hellip;]<\/p>\n","protected":false},"author":1,"featured_media":0,"comment_status":"closed","ping_status":"closed","sticky":false,"template":"","format":"standard","meta":{"footnotes":""},"categories":[16],"tags":[41,209,208],"class_list":["post-2057","post","type-post","status-publish","format-standard","hentry","category-sociedades","tag-manipulacion","tag-masas","tag-propaganda"],"_links":{"self":[{"href":"https:\/\/www.lacortedelingles.com\/blog\/wp-json\/wp\/v2\/posts\/2057","targetHints":{"allow":["GET"]}}],"collection":[{"href":"https:\/\/www.lacortedelingles.com\/blog\/wp-json\/wp\/v2\/posts"}],"about":[{"href":"https:\/\/www.lacortedelingles.com\/blog\/wp-json\/wp\/v2\/types\/post"}],"author":[{"embeddable":true,"href":"https:\/\/www.lacortedelingles.com\/blog\/wp-json\/wp\/v2\/users\/1"}],"replies":[{"embeddable":true,"href":"https:\/\/www.lacortedelingles.com\/blog\/wp-json\/wp\/v2\/comments?post=2057"}],"version-history":[{"count":3,"href":"https:\/\/www.lacortedelingles.com\/blog\/wp-json\/wp\/v2\/posts\/2057\/revisions"}],"predecessor-version":[{"id":2061,"href":"https:\/\/www.lacortedelingles.com\/blog\/wp-json\/wp\/v2\/posts\/2057\/revisions\/2061"}],"wp:attachment":[{"href":"https:\/\/www.lacortedelingles.com\/blog\/wp-json\/wp\/v2\/media?parent=2057"}],"wp:term":[{"taxonomy":"category","embeddable":true,"href":"https:\/\/www.lacortedelingles.com\/blog\/wp-json\/wp\/v2\/categories?post=2057"},{"taxonomy":"post_tag","embeddable":true,"href":"https:\/\/www.lacortedelingles.com\/blog\/wp-json\/wp\/v2\/tags?post=2057"}],"curies":[{"name":"wp","href":"https:\/\/api.w.org\/{rel}","templated":true}]}}