{"id":2075,"date":"2016-04-10T20:28:41","date_gmt":"2016-04-10T18:28:41","guid":{"rendered":"http:\/\/www.lacortedelingles.com\/blog\/?p=2075"},"modified":"2016-04-10T20:35:04","modified_gmt":"2016-04-10T18:35:04","slug":"encontrar-el-camino","status":"publish","type":"post","link":"https:\/\/www.lacortedelingles.com\/blog\/encontrar-el-camino\/","title":{"rendered":"Encontrar el camino."},"content":{"rendered":"<p><iframe loading=\"lazy\" src=\"https:\/\/www.youtube.com\/embed\/KrCMWS_fB4o?rel=0\" width=\"640\" height=\"360\" frameborder=\"0\" allowfullscreen=\"allowfullscreen\"><\/iframe><\/p>\n<p style=\"text-align: justify;\">Es dificil controlar los impulsos que incitan al <strong>ego.<\/strong>Los elementales del <strong>bajo astral<\/strong> que pueblan la atm\u00f3sfera, son los encargados de <strong>influenciar<\/strong> psicol\u00f3gicamente, en las personas que tienen las habilidades sensitivas m\u00e1s desarrolladas, mediante todo tipo de <strong>im\u00e1genes sugestivas,<\/strong> para llevarlas hacia el terreno de la oscuridad y el vacio.<\/p>\n<p style=\"text-align: justify;\">Al realizar un acto de <strong>Magia Negra<\/strong>,aumentamos la corriente energ\u00e9tica \u00ab<strong>negativa-congeladora\u00bb<\/strong> propia del universo de contracci\u00f3n.<strong>Cualquier egregor creado con un fin ego\u00edsta solo traer\u00e1 consigo a \u00a0este plano la amplificaci\u00f3n de las energ\u00edas negativas.<\/strong><\/p>\n<p style=\"text-align: justify;\">El <strong>equilibrio de carga energ\u00e9tica,<\/strong> es quiz\u00e1s la prueba m\u00e1s dif\u00edcil, por la que tiene que pasar todo iniciado que se adentra en el verdadero arte de la <strong>Magia<\/strong>.Estas pruebas ser\u00e1n, cada vez m\u00e1s duras y peligrosas, poniendo a veces \u00a0en riesgo la propia vida.<\/p>\n<p style=\"text-align: justify;\">No proyect\u00e9is jam\u00e1s vuestro deseo destructivo sobre <strong>imagen<\/strong> o <strong>nombre <\/strong>de persona alguna. Este acto de <strong>Magia Negra<\/strong> destruir\u00eda por completo vuestro centro de luz.Una vez que se entra en esa espiral de energ\u00eda negativa,la b\u00fasqueda de la luz\u00a0 se hace cada vez mas dificil.<\/p>\n<p style=\"text-align: justify;\"><img loading=\"lazy\" decoding=\"async\" class=\"size-full wp-image-2074 aligncenter\" src=\"http:\/\/www.lacortedelingles.com\/blog\/wp-content\/uploads\/2016\/04\/Dise\u00f1oDave2.jpg\" alt=\"Dise\u00f1oDave2\" width=\"662\" height=\"936\" \/><\/p>\n<p style=\"text-align: justify;\">Da\u00f1ar a toda la serie de personajes corruptos por medio de la <strong>magia simp\u00e1tica<\/strong> con la uitlizaci\u00f3n de <strong>fotograf\u00edas<\/strong> o <strong>mu\u00f1ecos <\/strong>de cera,solo beneficiaria a la entidad controladora de este plano.Con este tipo de acto estar\u00edais alimentando el centro de energ\u00eda de contracci\u00f3n.La propia <strong>entidad<\/strong>, ser\u00eda la encargada de buscar los recambios oportunos,formados al mismo nivel que sus predecesores,con el \u00fanico fin de encaminar las almas por el camino del <strong>vac\u00edo espiritual.<\/strong><\/p>\n<p style=\"text-align: justify;\">Toda la sofisticada maquinaria de manipulaci\u00f3n, est\u00e1 a disposici\u00f3n de los jerarcas del plano material para inducir a los esp\u00edritus al <strong>retroceso evolutivo<\/strong>.El verdadero <strong>Maestro<\/strong> sabe manejar a la perfecci\u00f3n las tentaciones de la carne, <strong>el aprendiz<\/strong> sucumbe ante ellas.<\/p>\n<p style=\"text-align: justify;\">La \u00fanica forma de lucha posible es mediante el <strong>uso y el estudio del viaje al interior<\/strong> <strong>de uno mismo<\/strong>.Desde el momento que inicies el viaje, debes procurar en la medida de lo posible hacer un bien al conjunto de la sociedad.Ese ser\u00e1 el \u00fanico peaje que deber\u00e1s pagar para pertenecer a la <strong>hermandad de la LUZ.<\/strong><\/p>\n<p style=\"text-align: justify;\">Con respecto del post anterior, deciros que el deseo ego\u00edsta ( <strong>Magia Negra<\/strong> )\u00a0de satisfacer los instintos primarios del ego, \u00a0solo traer\u00e1 a vuestras vidas un v\u00ednculo m\u00e1s profundo con la <strong>materia<\/strong>,al margen de lo que pueda desatar el fen\u00f3meno energ\u00e9tico provocado por el Egregor.<\/p>\n<p style=\"text-align: justify;\"><b>LA<\/b> CORTE DEL INGL\u00c9S<\/p>\n<p style=\"text-align: justify;\">\n","protected":false},"excerpt":{"rendered":"<p>Es dificil controlar los impulsos que incitan al ego.Los elementales del bajo astral que pueblan la atm\u00f3sfera, son los encargados de influenciar psicol\u00f3gicamente, en las personas que tienen las habilidades sensitivas m\u00e1s desarrolladas, mediante todo tipo de im\u00e1genes sugestivas, para llevarlas hacia el terreno de la oscuridad y el vacio. Al realizar un acto de [&hellip;]<\/p>\n","protected":false},"author":1,"featured_media":0,"comment_status":"closed","ping_status":"closed","sticky":false,"template":"","format":"standard","meta":{"footnotes":""},"categories":[18],"tags":[212,214,213],"class_list":["post-2075","post","type-post","status-publish","format-standard","hentry","category-magia","tag-contraccion","tag-hermandad-de-la-luz","tag-magia-simpatica"],"_links":{"self":[{"href":"https:\/\/www.lacortedelingles.com\/blog\/wp-json\/wp\/v2\/posts\/2075","targetHints":{"allow":["GET"]}}],"collection":[{"href":"https:\/\/www.lacortedelingles.com\/blog\/wp-json\/wp\/v2\/posts"}],"about":[{"href":"https:\/\/www.lacortedelingles.com\/blog\/wp-json\/wp\/v2\/types\/post"}],"author":[{"embeddable":true,"href":"https:\/\/www.lacortedelingles.com\/blog\/wp-json\/wp\/v2\/users\/1"}],"replies":[{"embeddable":true,"href":"https:\/\/www.lacortedelingles.com\/blog\/wp-json\/wp\/v2\/comments?post=2075"}],"version-history":[{"count":4,"href":"https:\/\/www.lacortedelingles.com\/blog\/wp-json\/wp\/v2\/posts\/2075\/revisions"}],"predecessor-version":[{"id":2079,"href":"https:\/\/www.lacortedelingles.com\/blog\/wp-json\/wp\/v2\/posts\/2075\/revisions\/2079"}],"wp:attachment":[{"href":"https:\/\/www.lacortedelingles.com\/blog\/wp-json\/wp\/v2\/media?parent=2075"}],"wp:term":[{"taxonomy":"category","embeddable":true,"href":"https:\/\/www.lacortedelingles.com\/blog\/wp-json\/wp\/v2\/categories?post=2075"},{"taxonomy":"post_tag","embeddable":true,"href":"https:\/\/www.lacortedelingles.com\/blog\/wp-json\/wp\/v2\/tags?post=2075"}],"curies":[{"name":"wp","href":"https:\/\/api.w.org\/{rel}","templated":true}]}}