{"id":2101,"date":"2016-05-04T22:17:41","date_gmt":"2016-05-04T20:17:41","guid":{"rendered":"http:\/\/www.lacortedelingles.com\/blog\/?p=2101"},"modified":"2016-05-04T22:20:35","modified_gmt":"2016-05-04T20:20:35","slug":"el-angel-de-la-muerte","status":"publish","type":"post","link":"https:\/\/www.lacortedelingles.com\/blog\/el-angel-de-la-muerte\/","title":{"rendered":"El Angel de la Muerte."},"content":{"rendered":"<p><iframe loading=\"lazy\" src=\"https:\/\/www.youtube.com\/embed\/kQIq_0gerak?rel=0\" width=\"640\" height=\"360\" frameborder=\"0\" allowfullscreen=\"allowfullscreen\"><\/iframe><\/p>\n<p style=\"text-align: justify;\">La <strong>s\u00e1bana negra<\/strong> ( el negro es lo inverso de lo blanco) que reviste el altar de los satanistas lleva dibujado un c\u00edrculo que contiene una cruz y unas inscripciones alrededor:<strong>I.H.S.(<\/strong> Jesus Hominum Salvator),<strong>V.R.S<\/strong> ( Vade Retro Satan\u00e1s),<strong>N.S.M.V<\/strong>(Nunquan suadeas mihi vana),<strong>S.M.Q.L<\/strong> (sunt\u00a0 Mala\u00a0 quae Libas),<strong>N.D.S.M.D<\/strong> ( Nunquam doemon sis mihi dux),<strong>C.S.P.B<\/strong> (Christus sit perpetus benedictus).La <strong>cruz de Salom\u00f3n<\/strong> est\u00e1 dibujada en el suelo, en el centro del c\u00edrculo m\u00e1gico.<\/p>\n<p style=\"text-align: justify;\">La <strong>magia negra<\/strong> comporta reglas formales, aptas para convocar al <strong>Maligno<\/strong>.Se sirve de todo arsenal religioso, con la mayor malicia y la perfidia m\u00e1s eficaz.Ellos se han apoderado de los templos, enga\u00f1ando al pueblo, aparentando\u00a0 lo que no es.).<\/p>\n<p style=\"text-align: justify;\">Estos seres <strong>demon\u00edacos<\/strong> cuentan con todo el apoyo del sistema.<strong>La \u00e9lite<\/strong> selecciona\u00a0 aquellos que a edades tempranas destacan por su desmedida violencia.Muchos de estos seres sin alma entran y salen de la carcel de forma continuada,bajo la at\u00f3nita mirada de los funcionarios de prisiones.Los mas audaces en el arte de la tortura (<strong>Inquisici\u00f3n<\/strong>) son seleccionados para participar en los\u00a0 grandes eventos sat\u00e1nicos, en donde se re\u00fanen la alta jerarqu\u00eda de <strong>sacerdotes Negros.<\/strong><\/p>\n<p style=\"text-align: justify;\">M\u00e1s de diez mil personas desaparecen en Espa\u00f1a cada a\u00f1o sin ninguna causa aparente (34 cada d\u00eda), con el consiguiente <strong>sufrimiento<\/strong> que supone para las familias.<\/p>\n<p style=\"text-align: justify;\"><strong>Pero no todo va a ser satanismo y Magia Negra.<\/strong><\/p>\n<p style=\"text-align: justify;\"><img loading=\"lazy\" decoding=\"async\" class=\"size-full wp-image-2100 aligncenter\" src=\"http:\/\/www.lacortedelingles.com\/blog\/wp-content\/uploads\/2016\/05\/Dise\u00f1odave4.jpg\" alt=\"Dise\u00f1odave4\" width=\"827\" height=\"1170\" \/><\/p>\n<p style=\"text-align: justify;\">Los Israelitas achacaban al <strong>\u00e1ngel exterminador<\/strong> la responsabilidad de las epidemias.Le fue atribuida la peste de los <strong>\u00faltimos tiempos del reinado de David<\/strong>.El libro de Job alude igualmente a quienes no escuchan las palabras de Yav\u00e9 y ser\u00e1n pasados al filo de la espada.<\/p>\n<p style=\"text-align: justify;\">Temed a la espada dijo Job, porque la c\u00f3lera de Dios os castigar\u00e1 por la espada,para que sep\u00e1is que <strong>existe una justicia<\/strong>.Al malvado,el libro de los proverbios le anuncia que ser\u00e1 lanzado contra \u00e9l el <strong>Angel Cruel.<\/strong>Dios reserva a quien pasa de la justicia al pecado el filo de la espada,a\u00f1ade el <strong>Eclesiast\u00e9s.<\/strong><\/p>\n<p style=\"text-align: justify;\">Los rabinos lo llaman <strong>el Duma<\/strong>,<strong>el silencioso<\/strong>.Es el ejecutor de las altas obras de Dios.El segundo libro de los Reyes dice: el Angel del Se\u00f1or extend\u00eda su mano sobre Jerusal\u00e9n para asolarla,cuando <strong>David<\/strong> tuvo compasi\u00f3n de tantos males y dijo al angel exterminador:<strong>Ya basta,retira tu mano.<\/strong>El \u00e1ngel del se\u00f1or estaba entonces cerca de <strong>la era de Areuna,Jebuseo.<\/strong><\/p>\n<p style=\"text-align: justify;\">El angel de la muerte ,pues,no es en principio un demonio,sino un genio que ejecuta el mal querido por el creador.Aquel <strong>mensajero divino<\/strong> tiene que cumplir terribles ejecuciones.<\/p>\n","protected":false},"excerpt":{"rendered":"<p>La s\u00e1bana negra ( el negro es lo inverso de lo blanco) que reviste el altar de los satanistas lleva dibujado un c\u00edrculo que contiene una cruz y unas inscripciones alrededor:I.H.S.( Jesus Hominum Salvator),V.R.S ( Vade Retro Satan\u00e1s),N.S.M.V(Nunquan suadeas mihi vana),S.M.Q.L (sunt\u00a0 Mala\u00a0 quae Libas),N.D.S.M.D ( Nunquam doemon sis mihi dux),C.S.P.B (Christus sit perpetus benedictus).La [&hellip;]<\/p>\n","protected":false},"author":1,"featured_media":0,"comment_status":"closed","ping_status":"closed","sticky":false,"template":"","format":"standard","meta":{"footnotes":""},"categories":[18],"tags":[217],"class_list":["post-2101","post","type-post","status-publish","format-standard","hentry","category-magia","tag-angel-de-la-muerte"],"_links":{"self":[{"href":"https:\/\/www.lacortedelingles.com\/blog\/wp-json\/wp\/v2\/posts\/2101","targetHints":{"allow":["GET"]}}],"collection":[{"href":"https:\/\/www.lacortedelingles.com\/blog\/wp-json\/wp\/v2\/posts"}],"about":[{"href":"https:\/\/www.lacortedelingles.com\/blog\/wp-json\/wp\/v2\/types\/post"}],"author":[{"embeddable":true,"href":"https:\/\/www.lacortedelingles.com\/blog\/wp-json\/wp\/v2\/users\/1"}],"replies":[{"embeddable":true,"href":"https:\/\/www.lacortedelingles.com\/blog\/wp-json\/wp\/v2\/comments?post=2101"}],"version-history":[{"count":3,"href":"https:\/\/www.lacortedelingles.com\/blog\/wp-json\/wp\/v2\/posts\/2101\/revisions"}],"predecessor-version":[{"id":2104,"href":"https:\/\/www.lacortedelingles.com\/blog\/wp-json\/wp\/v2\/posts\/2101\/revisions\/2104"}],"wp:attachment":[{"href":"https:\/\/www.lacortedelingles.com\/blog\/wp-json\/wp\/v2\/media?parent=2101"}],"wp:term":[{"taxonomy":"category","embeddable":true,"href":"https:\/\/www.lacortedelingles.com\/blog\/wp-json\/wp\/v2\/categories?post=2101"},{"taxonomy":"post_tag","embeddable":true,"href":"https:\/\/www.lacortedelingles.com\/blog\/wp-json\/wp\/v2\/tags?post=2101"}],"curies":[{"name":"wp","href":"https:\/\/api.w.org\/{rel}","templated":true}]}}