{"id":2123,"date":"2016-05-08T23:13:04","date_gmt":"2016-05-08T21:13:04","guid":{"rendered":"http:\/\/www.lacortedelingles.com\/blog\/?p=2123"},"modified":"2017-01-10T16:50:29","modified_gmt":"2017-01-10T14:50:29","slug":"el-show-debe-continuar","status":"publish","type":"post","link":"https:\/\/www.lacortedelingles.com\/blog\/el-show-debe-continuar\/","title":{"rendered":"El Show debe continuar."},"content":{"rendered":"<p style=\"text-align: justify;\">El juez titular del <strong>Juzgado de Instrucci\u00f3n n\u00famero 36<\/strong>, ha sobrese\u00eddo la denuncia que hab\u00eda interpuesto por <strong>deslealtad profesional ,da\u00f1o moral y psicol\u00f3gico<\/strong> contra el letrado asignado mediante <strong>justicia gratu\u00edta<\/strong> para la defensa de la marca \u00ab<strong>La Corte del Ingl\u00e9s<\/strong> \u00ab.<\/p>\n<p style=\"text-align: justify;\">El texto aqu\u00ed expuesto nace fruto de <strong>la coincidencia en el apellido del letrado<\/strong> de \u00ab<strong>El Corte Ingl\u00e9s<\/strong>\u00ab,( \u00a0bufete\u00a0JM TORO Abogados. Patentes &amp; Marcas\u00a0que formula la oposici\u00f3n y recurso de alzada, contra la resoluci\u00f3n de la marca \u00abLa Corte del Ingl\u00e9s\u00bb), <strong>y del juez que me ha sobrese\u00eddo la denuncia<\/strong>, el mismo que sustituy\u00f3 a Elp\u00eddio Silva (autor de un libro titulado, \u00ab<strong>la justicia deshauciada<\/strong>\u00ab,donde nos viene a decir que la justicia en este pa\u00eds es una aut\u00e9ntica &#8230;) en el caso <strong>Bankia o Blesa<\/strong> y el mismo que hace una semana ha metido en prisi\u00f3n a <strong>Torbe<\/strong> sin fianza, acusado a ra\u00edz de una denuncia que pone una actriz porno, conocida por haber grabado escenas para diferentes productoras porno nacionales.<\/p>\n<p style=\"text-align: justify;\"><strong>Llama la atenci\u00f3n, ver c\u00f3mo la polic\u00eda est\u00e1 pidiendo ayuda para localizar a las supuestas v\u00edctimas del conocido director.<\/strong><\/p>\n<p style=\"text-align: justify;\">Mientras la polic\u00eda busca a las supuestas v\u00edctimas de TORBE, este podr\u00eda estar compartiendo la celda, con <strong>el cabecilla de una banda que descuartizaba a sus v\u00edctimas coci\u00e9ndolas y que estando en prisi\u00f3n revent\u00f3 a pu\u00f1etazos a un preso<\/strong>\u00a0hasta dejarlo en coma.<\/p>\n<p style=\"text-align: justify;\">\u00bfC\u00faal es el motivo que impide que no se ponga el mismo inter\u00e9s policial en la b\u00fasqueda de testigos o v\u00edctimas para casos tan horribles como el del \u201c<strong>Bar Espa\u00f1a<\/strong>\u201d ?.<\/p>\n<p style=\"text-align: justify;\">El autor del blog \u00ab<strong>T\u00e9cnico preocupado<\/strong>\u00ab, terminar\u00e1 en prisi\u00f3n por el \u00a0hecho de aportar informaci\u00f3n relevante relacionada con los casos \u00ab<strong>bar Espa\u00f1a y \u00a0Alcasser<\/strong>\u00ab.<\/p>\n<p style=\"text-align: justify;\">Si buscamos en youtube, \u00ab<strong>caso bar Espa\u00f1a<\/strong>\u00bb\u00a0podemos encontrar de momento una serie de v\u00eddeos relacionados con el tema.Tambi\u00e9n, observaremos por el escaso n\u00famero de visualizaciones, que estos v\u00eddeos no despiertan el m\u00e1s m\u00ednimo inter\u00e9s en el p\u00fablico <strong>(est\u00e1n\u00a0m\u00e1s preocupados por la final de futbol<\/strong>&#8230; ).Gracias a este <strong>pasotismo<\/strong>\u00a0colaboramos de forma directa a que no solo no se descubra a los culpables de estos macabros hechos , sino que ellos\u00a0mismos se percaten de<strong> lo f\u00e1cil y sencillo que es violar y descuartizar a un desgraciado hijo\/a \u00a0de obrero Espa\u00f1ol ( El 80% de la poblaci\u00f3n), mientras se r\u00eden en la cara de todo un pueblo.<\/strong><\/p>\n<p style=\"text-align: justify;\"><iframe loading=\"lazy\" src=\"https:\/\/www.youtube.com\/embed\/k7q4_G12u6Y?rel=0\" width=\"640\" height=\"360\" frameborder=\"0\" allowfullscreen=\"allowfullscreen\"><\/iframe><\/p>\n<h2 style=\"text-align: justify;\"><strong>\u00bfCu\u00e1ntos de los que le\u00e9is estas l\u00edneas os cre\u00e9is la versi\u00f3n oficial de Alcasser?.<\/strong><\/h2>\n<p><iframe loading=\"lazy\" src=\"https:\/\/www.youtube.com\/embed\/elNtbE0As-0?rel=0\" width=\"640\" height=\"360\" frameborder=\"0\" allowfullscreen=\"allowfullscreen\"><\/iframe><\/p>\n<p style=\"text-align: justify;\"><strong>M\u00e1s de 10.000 personas desaparecen en Espa\u00f1a cada a\u00f1o sin ninguna causa aparente<\/strong> (34 cada d\u00eda), con el consiguiente sufrimiento que supone para las familias.<\/p>\n<p style=\"text-align: justify;\">Cualquiera de estos\u00a0casos citados, sumar\u00edan bastantes m\u00e1s puntos delictivos que el del actor y productor TORBE, ya que<strong> en ambos no solo se producen abusos sexuales a menores, sino que presuntamente se han cometido asesinatos de caracter\u00edsticas similares a los mostrados en la pel\u00edcula \u00abAsesinato en 8mm\u00bb<\/strong> protagonizada por N\u00edcolas Cage.<\/p>\n<p style=\"text-align: justify;\">\u00bfHa pedido la polic\u00eda ayuda como en el caso de TORBE, para localizar a las posibles v\u00edctimas y culpables de estos \u00a0macabros\u00a0casos?.<\/p>\n<p><iframe loading=\"lazy\" src=\"https:\/\/www.youtube.com\/embed\/KPgJ8CltElA?rel=0\" width=\"640\" height=\"360\" frameborder=\"0\" allowfullscreen=\"allowfullscreen\"><\/iframe><\/p>\n<h3 style=\"text-align: justify;\"><strong>\u00bfPorqu\u00e9 los grandes medios de comunicaci\u00f3n de masas de este pa\u00eds no publican nada al respecto?.<\/strong><\/h3>\n<p style=\"text-align: justify;\">Quiz\u00e1s a este poder oscuro no se le pueda hacer frente desde este plano.<\/p>\n<p><iframe loading=\"lazy\" src=\"https:\/\/www.youtube.com\/embed\/3wia7TSyebY?rel=0\" width=\"640\" height=\"480\" frameborder=\"0\" allowfullscreen=\"allowfullscreen\"><\/iframe><\/p>\n<p><strong>LA<\/strong> CORTE DEL INGL\u00c9S<\/p>\n","protected":false},"excerpt":{"rendered":"<p>El juez titular del Juzgado de Instrucci\u00f3n n\u00famero 36, ha sobrese\u00eddo la denuncia que hab\u00eda interpuesto por deslealtad profesional ,da\u00f1o moral y psicol\u00f3gico contra el letrado asignado mediante justicia gratu\u00edta para la defensa de la marca \u00abLa Corte del Ingl\u00e9s \u00ab. El texto aqu\u00ed expuesto nace fruto de la coincidencia en el apellido del letrado [&hellip;]<\/p>\n","protected":false},"author":1,"featured_media":0,"comment_status":"closed","ping_status":"closed","sticky":false,"template":"","format":"standard","meta":{"footnotes":""},"categories":[17],"tags":[218],"class_list":["post-2123","post","type-post","status-publish","format-standard","hentry","category-espiritualidad","tag-justicia-deshauciada"],"_links":{"self":[{"href":"https:\/\/www.lacortedelingles.com\/blog\/wp-json\/wp\/v2\/posts\/2123","targetHints":{"allow":["GET"]}}],"collection":[{"href":"https:\/\/www.lacortedelingles.com\/blog\/wp-json\/wp\/v2\/posts"}],"about":[{"href":"https:\/\/www.lacortedelingles.com\/blog\/wp-json\/wp\/v2\/types\/post"}],"author":[{"embeddable":true,"href":"https:\/\/www.lacortedelingles.com\/blog\/wp-json\/wp\/v2\/users\/1"}],"replies":[{"embeddable":true,"href":"https:\/\/www.lacortedelingles.com\/blog\/wp-json\/wp\/v2\/comments?post=2123"}],"version-history":[{"count":10,"href":"https:\/\/www.lacortedelingles.com\/blog\/wp-json\/wp\/v2\/posts\/2123\/revisions"}],"predecessor-version":[{"id":2574,"href":"https:\/\/www.lacortedelingles.com\/blog\/wp-json\/wp\/v2\/posts\/2123\/revisions\/2574"}],"wp:attachment":[{"href":"https:\/\/www.lacortedelingles.com\/blog\/wp-json\/wp\/v2\/media?parent=2123"}],"wp:term":[{"taxonomy":"category","embeddable":true,"href":"https:\/\/www.lacortedelingles.com\/blog\/wp-json\/wp\/v2\/categories?post=2123"},{"taxonomy":"post_tag","embeddable":true,"href":"https:\/\/www.lacortedelingles.com\/blog\/wp-json\/wp\/v2\/tags?post=2123"}],"curies":[{"name":"wp","href":"https:\/\/api.w.org\/{rel}","templated":true}]}}