{"id":2320,"date":"2016-09-17T18:27:32","date_gmt":"2016-09-17T16:27:32","guid":{"rendered":"http:\/\/www.lacortedelingles.com\/blog\/?p=2320"},"modified":"2016-11-02T00:08:01","modified_gmt":"2016-11-01T22:08:01","slug":"caminando-hacia-condado-seco","status":"publish","type":"post","link":"https:\/\/www.lacortedelingles.com\/blog\/caminando-hacia-condado-seco\/","title":{"rendered":"Caminando hacia el condado seco."},"content":{"rendered":"<p>&nbsp;<\/p>\n<p><iframe loading=\"lazy\" src=\"https:\/\/www.youtube.com\/embed\/xdg7--NrEak?rel=0\" width=\"640\" height=\"360\" frameborder=\"0\" allowfullscreen=\"allowfullscreen\"><\/iframe><\/p>\n<p><strong>En el condado seco<\/strong><\/p>\n<p>nadan en la arena<\/p>\n<p><strong>rezando por un poco de agua sagrada<\/strong><\/p>\n<p>para lavar los pecados de nuestras manos<\/p>\n<p>Aqu\u00ed en el condado seco<\/p>\n<p><strong>las promesas ahora son vanas <\/strong><\/p>\n<p>donde nadie llora<\/p>\n<p>y\u00a0 <strong>de donde ninguno saldr\u00e1 vivo.<\/strong><\/p>\n<p><strong>\u00a0\u00a0\u00a0\u00a0\u00a0\u00a0\u00a0\u00a0\u00a0\u00a0\u00a0\u00a0\u00a0\u00a0\u00a0\u00a0\u00a0\u00a0\u00a0\u00a0\u00a0\u00a0\u00a0\u00a0\u00a0\u00a0\u00a0\u00a0\u00a0\u00a0\u00a0Letra de Bon Jovi.<\/strong><\/p>\n<ol>\n<li>El desmantelamiento o desaparici\u00f3n de las ideas y de la identidad nacional sin ning\u00fan tipo de protestas.<\/li>\n<li>El <strong>cuestionamiento sistem\u00e1tico de la historia<\/strong> y de los pr\u00f3ceres fundadores de la nacionalidad.<\/li>\n<li>La provocaci\u00f3n de situaciones que generan <strong>cansancio moral, psicol\u00f3gico y tristeza.<\/strong><\/li>\n<li>La p\u00e9rdida de la capacidad para detectar y resistir futuras sorpresas y conmociones.<\/li>\n<li>El sometimiento de la poblaci\u00f3n a cada vez m\u00e1s <strong>frecuentes per\u00edodos de conmoci\u00f3n psicol\u00f3gica.<\/strong><\/li>\n<li>El <strong>fomento de la apat\u00eda<\/strong> y de la p\u00e9rdida de confianza.<\/li>\n<li>La creaci\u00f3n y manejo, en distintas fases, de cualquier tipo de fen\u00f3menos <strong>disociadores.<\/strong><\/li>\n<li>La presentaci\u00f3n de centenares de opciones diarias para decisi\u00f3n de la poblaci\u00f3n, saturando su capacidad de elecci\u00f3n y, simult\u00e1neamente, provocando que toda informaci\u00f3n sea rechazada, a menos que la motivaci\u00f3n pueda ser claramente percibida.<\/li>\n<li>La desinformaci\u00f3n y la difusi\u00f3n de <strong>noticias falsas e incompletas<\/strong><\/li>\n<li>La quiebra de la moral a trav\u00e9s del <strong>manejo de diferentes formas de terror y la consecuente dosificaci\u00f3n de los miedos individuales y colectivos<\/strong> (desempleo, falta de alimentos y vestidos, carencia de asistencia m\u00e9dica, falta de remedios para tratamientos, inseguridad, falta de educaci\u00f3n, etc.).<\/li>\n<li>La promoci\u00f3n del \u201c<strong>opio de las masas<\/strong>\u201d a trav\u00e9s de la adicci\u00f3n prolongada, reiterada y obsesiva a los\u00a0<strong>espect\u00e1culos deportivos, al sexo indiscriminado, a la m\u00fasica comercial.<\/strong><\/li>\n<li>El <strong>fomento de la conducta indecorosa<\/strong> como norma social o sea: la <strong>eliminaci\u00f3n de los valores<\/strong> como puntos de referencia y de contenci\u00f3n moral.<\/li>\n<li>El est\u00edmulo de la resignaci\u00f3n, el derrotismo y de la sensaci\u00f3n de que nada m\u00e1s se puede hacer o de que todo est\u00e1 perdido.<\/li>\n<li>La <strong>p\u00e9rdida de la capacidad de lectura, concentraci\u00f3n, interpretaci\u00f3n y abstracci\u00f3n<\/strong>, con la consiguiente reducci\u00f3n de la cantidad de palabras que son usadas en el lenguaje coloquial.<\/li>\n<li>La creaci\u00f3n de vocablos nuevos y la modificaci\u00f3n frecuente del sentido de las palabras.<\/li>\n<\/ol>\n<p><strong>fuente:<\/strong> http:\/\/free-news.org\/htm\/Control_Masas-02.htm<\/p>\n<ul>\n<li><strong>Las mejores mentes trabajan sin descanso para encerrar la tuya en una jaula de cristal.<\/strong><\/li>\n<\/ul>\n<h1>\u00a0\u00a0\u00a0\u00a0\u00a0\u00a0\u00a0\u00a0 DESPIERTA<\/h1>\n","protected":false},"excerpt":{"rendered":"<p>&nbsp; En el condado seco nadan en la arena rezando por un poco de agua sagrada para lavar los pecados de nuestras manos Aqu\u00ed en el condado seco las promesas ahora son vanas donde nadie llora y\u00a0 de donde ninguno saldr\u00e1 vivo. \u00a0\u00a0\u00a0\u00a0\u00a0\u00a0\u00a0\u00a0\u00a0\u00a0\u00a0\u00a0\u00a0\u00a0\u00a0\u00a0\u00a0\u00a0\u00a0\u00a0\u00a0\u00a0\u00a0\u00a0\u00a0\u00a0\u00a0\u00a0\u00a0\u00a0\u00a0Letra de Bon Jovi. El desmantelamiento o desaparici\u00f3n de las ideas y de [&hellip;]<\/p>\n","protected":false},"author":1,"featured_media":0,"comment_status":"closed","ping_status":"closed","sticky":false,"template":"","format":"standard","meta":{"footnotes":""},"categories":[16],"tags":[41],"class_list":["post-2320","post","type-post","status-publish","format-standard","hentry","category-sociedades","tag-manipulacion"],"_links":{"self":[{"href":"https:\/\/www.lacortedelingles.com\/blog\/wp-json\/wp\/v2\/posts\/2320","targetHints":{"allow":["GET"]}}],"collection":[{"href":"https:\/\/www.lacortedelingles.com\/blog\/wp-json\/wp\/v2\/posts"}],"about":[{"href":"https:\/\/www.lacortedelingles.com\/blog\/wp-json\/wp\/v2\/types\/post"}],"author":[{"embeddable":true,"href":"https:\/\/www.lacortedelingles.com\/blog\/wp-json\/wp\/v2\/users\/1"}],"replies":[{"embeddable":true,"href":"https:\/\/www.lacortedelingles.com\/blog\/wp-json\/wp\/v2\/comments?post=2320"}],"version-history":[{"count":5,"href":"https:\/\/www.lacortedelingles.com\/blog\/wp-json\/wp\/v2\/posts\/2320\/revisions"}],"predecessor-version":[{"id":2427,"href":"https:\/\/www.lacortedelingles.com\/blog\/wp-json\/wp\/v2\/posts\/2320\/revisions\/2427"}],"wp:attachment":[{"href":"https:\/\/www.lacortedelingles.com\/blog\/wp-json\/wp\/v2\/media?parent=2320"}],"wp:term":[{"taxonomy":"category","embeddable":true,"href":"https:\/\/www.lacortedelingles.com\/blog\/wp-json\/wp\/v2\/categories?post=2320"},{"taxonomy":"post_tag","embeddable":true,"href":"https:\/\/www.lacortedelingles.com\/blog\/wp-json\/wp\/v2\/tags?post=2320"}],"curies":[{"name":"wp","href":"https:\/\/api.w.org\/{rel}","templated":true}]}}