{"id":2332,"date":"2016-09-23T13:23:05","date_gmt":"2016-09-23T11:23:05","guid":{"rendered":"http:\/\/www.lacortedelingles.com\/blog\/?p=2332"},"modified":"2016-09-23T13:23:05","modified_gmt":"2016-09-23T11:23:05","slug":"los-elegidos","status":"publish","type":"post","link":"https:\/\/www.lacortedelingles.com\/blog\/los-elegidos\/","title":{"rendered":"Los Elegidos."},"content":{"rendered":"<p><iframe loading=\"lazy\" src=\"https:\/\/www.youtube.com\/embed\/4GeEVoj0jrE?rel=0\" width=\"640\" height=\"360\" frameborder=\"0\" allowfullscreen=\"allowfullscreen\"><\/iframe><\/p>\n<p style=\"text-align: justify;\">Amar la vida m\u00e1s que no temer <strong>las amenazas de la muerte<\/strong>, es merecer la vida.<\/p>\n<h4 style=\"text-align: justify;\"><strong>Los elegidos son los que osan.Desgraciados los t\u00edmidos.<\/strong><\/h4>\n<p style=\"text-align: justify;\">De esta manera los <strong>esclavos de la ley<\/strong> se convierten en <strong>tiranos de las conciencias<\/strong>,en <strong>servidores del temor<\/strong>,en avaros de la esperanza.<\/p>\n<p style=\"text-align: justify;\">Son los fariseos de todas las sinagogas y de todas las iglesias.Estos son los r\u00e9probos y los malditos del padre.<\/p>\n<p style=\"text-align: justify;\"><strong>Cristo<\/strong>,\u00bfno ha sido excomulgado y cruficidado por la sinagoga?.<\/p>\n<p style=\"text-align: justify;\"><strong>Savonarola<\/strong>,\u00bfno ha sido quemado por orden de un soberano pont\u00edfice de la religi\u00f3n cristiana?<\/p>\n<p style=\"text-align: justify;\">Los <strong>fariseos<\/strong>,\u00bfno son hoy los mismos de los tiempos de <strong>Caif\u00e1s<\/strong>?<\/p>\n<p style=\"text-align: justify;\">Si alguien les habla en nombre de la <strong>inteligencia y del amor<\/strong>,\u00bfacaso lo van a escuchar?<\/p>\n<p style=\"text-align: justify;\">Liberando a los hijos de la libertad de la tiran\u00eda de los faraones,<strong>Mois\u00e9s<\/strong> inaugur\u00f3 el reino del Padre.<\/p>\n<p style=\"text-align: justify;\">Quebrando el yugo insoportable del farise\u00edsmo mosaico,<strong>Jes\u00fas<\/strong> ha invitado a todos los hombres a la fraternidad del hijo \u00fanico de Dios.<\/p>\n<p style=\"text-align: justify;\"><strong>Cuando los \u00faltimos \u00eddolos sean derribados<\/strong> ,<strong>cuando se quiebren las \u00faltimas cadenas materiales de las conciencias<\/strong>,cuando los \u00faltimos asesinos de profetas ,los \u00faltimos blasfemos del verbo,sean confundidos,entonces el reino del <strong>Esp\u00edritu Santo<\/strong> quedar\u00e1 instituido.<\/p>\n<p style=\"text-align: justify;\">\u00a1 Gloria,por tanto,al padre,que ha hundido al ejercito del fara\u00f3n en el mar rojo!<\/p>\n<p style=\"text-align: justify;\">Gloria al hijo,que ha rasgado el velo del templo y cuya cruz,demasiado pesada,cargada sobre la corona de los C\u00e9sares,ha hecho que besara la tierra la frente de estos mismos c\u00e9sares.<\/p>\n<h4 style=\"text-align: justify;\"><strong>Gloria al Esp\u00edritu Santo,que debe purificar la tierra mediante su terrible soplo<\/strong>,<strong>libr\u00e1ndola de todos los ladrones y de todos los verdugos para dejar sitio \u00fanicamente a los hijos de Dios.<\/strong><\/h4>\n<p style=\"text-align: justify;\">Gloria al Esp\u00edritu Santo, que ha prometido la conquista de la tierra al \u00e1ngel de la libertad.<\/p>\n<p style=\"text-align: justify;\">El \u00e1ngel de la libertad ha nacido antes de la aurora del primer d\u00eda,antes de que despertara incluso la inteligencia,y Dios lo ha llamado la estrella de la ma\u00f1ana.<\/p>\n<p style=\"text-align: justify;\">\u00a1 <strong>Oh Lucifer<\/strong>!,t\u00fa te has separado voluntariamente,despreciando el cielo,donde el sol te ba\u00f1aba en toda su claridad,para fertilizar con tus propios rayos <strong>los campos incultos de la noche.<\/strong><\/p>\n<p style=\"text-align: justify;\">Tu brillas cuando el sol se ha puesto y tu mirada fulgurante precede al amanecer.<\/p>\n<p style=\"text-align: justify;\"><strong>Tu caes para levantarte.<\/strong>Gustas de la muerte para conocer mejor la vida.<\/p>\n<p style=\"text-align: justify;\">Tu eres para las glorias antiguas del mundo la estrella de la tarde;para la verdad renaciente,la hermosa estrella del amanecer.<\/p>\n<p style=\"text-align: justify;\">La libertad no es la licencia,porque <strong>la licencia es la tiran\u00eda.<\/strong><\/p>\n<p style=\"text-align: justify;\">La libertad es la guardiana del deber,porque reivindica el derecho.<\/p>\n<p style=\"text-align: justify;\"><strong>Lucifer<\/strong>,del que las edades tenebrosas hicieron el genio del mal,ser\u00e1 verdaderamente el \u00e1ngel de la luz cuando,habiendo conquistado la libertad al precio de la reprobaci\u00f3n,la utilice para someterse al orden eterno,inaugurando as\u00ed las glorias de la obediencia voluntaria.<\/p>\n<h4 style=\"text-align: justify;\"><strong>El derecho no es m\u00e1s que la ra\u00edz del deber,siendo necesario poseerlo para darlo.<\/strong><\/h4>\n<p style=\"text-align: justify;\">He aqu\u00ed c\u00f3mo una elevada y profunda poes\u00eda explica la ca\u00edda de los \u00e1ngeles.<\/p>\n<p style=\"text-align: justify;\">Dios hab\u00eda dado a los esp\u00edritus la luz y la vida.Despu\u00e9s les dijo:<\/p>\n<h3 style=\"text-align: justify;\"><strong>-\u00a1 AMAOS!<\/strong><\/h3>\n<p style=\"text-align: justify;\"><strong>&#8211; \u00bfQu\u00e9 es amar? \u2013 respondieron los esp\u00edritus.<\/strong><\/p>\n<p style=\"text-align: justify;\"><strong>&#8211; AMAR CONSISTE EN DARSE A LOS DEM\u00c1S \u2013 RESPONDI\u00d3 DIOS -.AQUELLOS QUE AMEN SUFRIRAN,PERO SERAN AMADOS A SU VEZ.<\/strong><\/p>\n<p style=\"text-align: justify;\"><strong>Tenemos derecho a no dar nada y no queremos sufrir \u2013 dijeron los esp\u00edritus enemigos del amor.<\/strong><\/p>\n<p style=\"text-align: justify;\"><strong>Permaneced en vuestro derecho- respondi\u00f3 Dios- y separ\u00e9monos.Yo y los m\u00edos queremos sufrir y morir incluso por amor.<\/strong><\/p>\n<p style=\"text-align: justify;\"><strong>\u00a1Este es nuestro deber!.<\/strong><\/p>\n<p style=\"text-align: justify;\"><strong>El \u00e1ngel ca\u00eddo<\/strong> es consecuentemente aquel que desde el principio <strong>se ha negado a amar<\/strong>;no ama, y \u00e9ste es su<strong> vac\u00edo<\/strong>;no muere, y \u00e9ste es su <strong>exilio.<\/strong><\/p>\n<p style=\"text-align: justify;\"><strong>El \u00e1ngel ca\u00eddo no es Lucifer,el portador de la luz.Es Sat\u00e1n,el calumniador del amor.<\/strong><\/p>\n<h3 style=\"text-align: justify;\"><strong>Ser rico consiste en entregarse.No dar nada es ser pobre.Vivir es amar.No amar es estar muerto.Ser feliz es ser devoto.No existir m\u00e1s que para si mismo es secuestrarse y confinarse en el infierno.<\/strong><\/h3>\n<p style=\"text-align: justify;\"><strong>El cielo es la armon\u00eda de los sentimientos generosos;el infierno,el conflicto de los instintos reprimidos.<\/strong><\/p>\n<p style=\"text-align: justify;\"><strong>El hombre de derecho es Ca\u00edn que mata a Abel;el hombre de deber ,Abel que muere a manos de Ca\u00edn por amor.<\/strong><\/p>\n<p style=\"text-align: justify;\"><strong>Y esta ha sido la misi\u00f3n de Cristo, el gran Abel de la humanidad.<\/strong><\/p>\n<p style=\"text-align: justify;\"><strong>No es por derecho por lo que debemos osarlo todo,sino por deber.<\/strong><\/p>\n<h3 style=\"text-align: justify;\"><strong>El deber es la expansi\u00f3n y la alegr\u00eda de la libertad;el derecho,el padre de la servidumbre.<\/strong><\/h3>\n<p style=\"text-align: justify;\"><strong>El deber es la devoci\u00f3n;el derecho,el ego\u00edsmo.<\/strong><\/p>\n<p style=\"text-align: justify;\"><strong>El deber es el sacrificio;el derecho,el robo y la rapi\u00f1a.<\/strong><\/p>\n<p style=\"text-align: justify;\"><strong>El deber es el amor;el derecho,el odio.<\/strong><\/p>\n<p style=\"text-align: justify;\"><strong>El deber es la vida infinita;el derecho,la muerte eterna.<\/strong><\/p>\n<h3 style=\"text-align: justify;\"><strong>Si es necesario luchar para la conquista del derecho,es s\u00f3lo para adquirir la potencia del deber.\u00a1 Y como podr\u00edamos ser libres si no fuera para amarnos,para dedicarnos todos juntos a Dios!<\/strong><\/h3>\n<p style=\"text-align: justify;\"><strong>Es necesario enfrentarnos a la ley,porque cautiva al amor en el miedo.<\/strong><\/p>\n<p style=\"text-align: justify;\"><strong>Aquel que quiera salvar su alma la perder\u00e1- dice el libro santo- y aquel que consienta perderla la salvar\u00e1.<\/strong><\/p>\n<h4 style=\"text-align: justify;\"><strong>Nuestro deber es amar.\u00a1 Que pereza cuanto pueda ser un obst\u00e1culo al amor! \u00a1 Silencio a los or\u00e1culos del odio! \u00a1 Queden reducidos a la nada los falsos dioses del ego\u00edsmo y el temor! <\/strong><\/h4>\n<h3 style=\"text-align: justify;\"><strong>\u00a1Verg\u00fcenza a los esclavos ,avaros del amor!.<\/strong><\/h3>\n<p style=\"text-align: justify;\"><strong>\u00a1Dios ama a los hijos pr\u00f3digos!<\/strong><\/p>\n<p style=\"text-align: justify;\"><strong>Fuente:<\/strong><\/p>\n<p style=\"text-align: justify;\"><strong>La clave de los grandes misterios, edici\u00f3n 1861.<\/strong><\/p>\n<p style=\"text-align: justify;\"><strong>Eliphas L\u00e9vi<\/strong><\/p>\n<p style=\"text-align: justify;\"><strong>\u00a0<\/strong><\/p>\n","protected":false},"excerpt":{"rendered":"<p>Amar la vida m\u00e1s que no temer las amenazas de la muerte, es merecer la vida. Los elegidos son los que osan.Desgraciados los t\u00edmidos. De esta manera los esclavos de la ley se convierten en tiranos de las conciencias,en servidores del temor,en avaros de la esperanza. Son los fariseos de todas las sinagogas y de [&hellip;]<\/p>\n","protected":false},"author":1,"featured_media":0,"comment_status":"closed","ping_status":"closed","sticky":false,"template":"","format":"standard","meta":{"footnotes":""},"categories":[17],"tags":[234],"class_list":["post-2332","post","type-post","status-publish","format-standard","hentry","category-espiritualidad","tag-juzgando-el-alma"],"_links":{"self":[{"href":"https:\/\/www.lacortedelingles.com\/blog\/wp-json\/wp\/v2\/posts\/2332","targetHints":{"allow":["GET"]}}],"collection":[{"href":"https:\/\/www.lacortedelingles.com\/blog\/wp-json\/wp\/v2\/posts"}],"about":[{"href":"https:\/\/www.lacortedelingles.com\/blog\/wp-json\/wp\/v2\/types\/post"}],"author":[{"embeddable":true,"href":"https:\/\/www.lacortedelingles.com\/blog\/wp-json\/wp\/v2\/users\/1"}],"replies":[{"embeddable":true,"href":"https:\/\/www.lacortedelingles.com\/blog\/wp-json\/wp\/v2\/comments?post=2332"}],"version-history":[{"count":1,"href":"https:\/\/www.lacortedelingles.com\/blog\/wp-json\/wp\/v2\/posts\/2332\/revisions"}],"predecessor-version":[{"id":2333,"href":"https:\/\/www.lacortedelingles.com\/blog\/wp-json\/wp\/v2\/posts\/2332\/revisions\/2333"}],"wp:attachment":[{"href":"https:\/\/www.lacortedelingles.com\/blog\/wp-json\/wp\/v2\/media?parent=2332"}],"wp:term":[{"taxonomy":"category","embeddable":true,"href":"https:\/\/www.lacortedelingles.com\/blog\/wp-json\/wp\/v2\/categories?post=2332"},{"taxonomy":"post_tag","embeddable":true,"href":"https:\/\/www.lacortedelingles.com\/blog\/wp-json\/wp\/v2\/tags?post=2332"}],"curies":[{"name":"wp","href":"https:\/\/api.w.org\/{rel}","templated":true}]}}