{"id":2592,"date":"2017-02-04T22:51:21","date_gmt":"2017-02-04T20:51:21","guid":{"rendered":"http:\/\/www.lacortedelingles.com\/blog\/?p=2592"},"modified":"2017-02-04T22:55:51","modified_gmt":"2017-02-04T20:55:51","slug":"magos-y-hechiceros","status":"publish","type":"post","link":"https:\/\/www.lacortedelingles.com\/blog\/magos-y-hechiceros\/","title":{"rendered":"Magos y Hechiceros."},"content":{"rendered":"<p><iframe loading=\"lazy\" src=\"https:\/\/www.youtube.com\/embed\/7mQbw1m67cw?rel=0\" width=\"640\" height=\"360\" frameborder=\"0\" allowfullscreen=\"allowfullscreen\"><\/iframe><\/p>\n<p style=\"text-align: justify;\"><strong>Ante todo existi\u00f3 el Caos<\/strong>, despu\u00e9s la <strong>Tierra<\/strong> de gran seno, residencia, nunca destruida, de todos los seres y el <strong>Amor,<\/strong> el m\u00e1s hermoso de los dioses <strong>inmortales,<\/strong> que adormece los miembros y despierta, en el pecho de todos los dioses y de todos los hombres, el esp\u00edritu y la <strong>prudente voluntad.<\/strong><\/p>\n<p style=\"text-align: justify;\">Del Caos surgieron <strong>Erebo<\/strong> y la sombr\u00eda Noche. De la Noche, a continuaci\u00f3n, nacieron el \u00c9ter y el D\u00eda. La Tierra, por su parte, dio a luz un hijo tan grande como ella, <strong>el Cielo estrellado,<\/strong> con el fin de que la cubriera completamente y fuera para los dioses bienhechores una residencia jam\u00e1s destruida. Despu\u00e9s engendr\u00f3 las <strong>altas Monta\u00f1as,<\/strong> agradable retiro de las diosas,las ninfas que habitan en sus valles. La Tierra produjo tambi\u00e9n el esteril mar, que se mueve de forma impetuosa, <strong>el Pontos<\/strong>, sin recurrir al amable Amor. Pero m\u00e1s tarde se uni\u00f3 al Cielo y engendr\u00f3 el Oc\u00e9ano, de profundos remolinos, y a Creyo, Ceos, <strong>Hiperi\u00f3n<\/strong> y Yapeto, Teia, Rea, Temis y Mnemosina, Febe, con la corona de oro, y la amable Tetis. Despu\u00e9s de estos seres divinos naci\u00f3 el m\u00e1s joven, <strong>Cronos el astuto<\/strong>, el m\u00e1s dudoso de sus hijos, que se puso a disputar con su fecundo padre. Alumbr\u00f3 todav\u00eda a los <strong>C\u00edclopes, con el coraz\u00f3n lleno de violencia<\/strong>, a Brontes, Esteropes, <strong>Argos<\/strong>, de coraz\u00f3n violento; ellos eran, por lo dem\u00e1s, semejantes a los dioses, pero no ten\u00edan m\u00e1s que un <strong>solo ojo en mitad de la frente<\/strong> y pose\u00edan el vigor y la habilidad para los m\u00e1s complicados y dif\u00edciles trabajos.<\/p>\n<p style=\"text-align: justify;\">Una vez m\u00e1s nacieron hijos de la uni\u00f3n del Cielo y la Tierra, <strong>tres hijos de una gran fuerza<\/strong> y tama\u00f1o,cuyo nombre es tenebroso: <strong>Cotos,Briareo y G\u00edas,<\/strong> orgullosos y de cuyos hombros surg\u00edan cien brazos terribles, sobre sus cuellos se destacaban <strong>cincuenta cabezas<\/strong> y su invencible vigor y potencia les daba una tremenda apariencia.<\/p>\n<p style=\"text-align: justify;\">Porque entre todos los hijos nacidos de la Tierra y el Cielo \u00e9stos <strong>eran los m\u00e1s temibles,<\/strong> y su propio padre les ten\u00eda aversi\u00f3n desde su origen.Apenas nac\u00edan <strong>los ocultaba,sin dejarles ver a la luz del d\u00eda,encerr\u00e1ndoles en el seno de la tierra<\/strong>.Esta obra detestable alegraba al Cielo,pero, en su profundidad,la Tierra lloraba,porque siendo enorme,sufr\u00eda, y por ello medit\u00f3 una cruel perfidia.Con gran rapidez,<strong>cre\u00f3 la materia del brillante acero<\/strong> y construy\u00f3 una enorme guada\u00f1a, explicando su intenci\u00f3n a sus hijos, y para darles valor les dijo con el coraz\u00f3n lleno de c\u00f3lera:<\/p>\n<h4 style=\"text-align: justify;\">Hijos, nacidos de m\u00ed y de un padre insensato, si me quer\u00e9is obedecer nos vengaremos de su cruel ultraje, porque aun siendo vuestro padre, \u00e9l ha sido el primero en planear acciones indignas.<\/h4>\n<p style=\"text-align: justify;\">Fuente:<br \/>\n<strong>La Teogon\u00eda<\/strong><\/p>\n<p style=\"text-align: justify;\">Autor:<br \/>\n<strong>Hes\u00edodo<\/strong><\/p>\n<p style=\"text-align: justify;\"><img loading=\"lazy\" decoding=\"async\" class=\"size-full wp-image-2299 aligncenter\" src=\"http:\/\/www.lacortedelingles.com\/blog\/wp-content\/uploads\/2016\/09\/poder-femenino.jpg\" alt=\"\" width=\"735\" height=\"473\" \/><\/p>\n","protected":false},"excerpt":{"rendered":"<p>Ante todo existi\u00f3 el Caos, despu\u00e9s la Tierra de gran seno, residencia, nunca destruida, de todos los seres y el Amor, el m\u00e1s hermoso de los dioses inmortales, que adormece los miembros y despierta, en el pecho de todos los dioses y de todos los hombres, el esp\u00edritu y la prudente voluntad. Del Caos surgieron [&hellip;]<\/p>\n","protected":false},"author":1,"featured_media":0,"comment_status":"closed","ping_status":"closed","sticky":false,"template":"","format":"standard","meta":{"footnotes":""},"categories":[17],"tags":[66],"class_list":["post-2592","post","type-post","status-publish","format-standard","hentry","category-espiritualidad","tag-magos"],"_links":{"self":[{"href":"https:\/\/www.lacortedelingles.com\/blog\/wp-json\/wp\/v2\/posts\/2592","targetHints":{"allow":["GET"]}}],"collection":[{"href":"https:\/\/www.lacortedelingles.com\/blog\/wp-json\/wp\/v2\/posts"}],"about":[{"href":"https:\/\/www.lacortedelingles.com\/blog\/wp-json\/wp\/v2\/types\/post"}],"author":[{"embeddable":true,"href":"https:\/\/www.lacortedelingles.com\/blog\/wp-json\/wp\/v2\/users\/1"}],"replies":[{"embeddable":true,"href":"https:\/\/www.lacortedelingles.com\/blog\/wp-json\/wp\/v2\/comments?post=2592"}],"version-history":[{"count":5,"href":"https:\/\/www.lacortedelingles.com\/blog\/wp-json\/wp\/v2\/posts\/2592\/revisions"}],"predecessor-version":[{"id":2597,"href":"https:\/\/www.lacortedelingles.com\/blog\/wp-json\/wp\/v2\/posts\/2592\/revisions\/2597"}],"wp:attachment":[{"href":"https:\/\/www.lacortedelingles.com\/blog\/wp-json\/wp\/v2\/media?parent=2592"}],"wp:term":[{"taxonomy":"category","embeddable":true,"href":"https:\/\/www.lacortedelingles.com\/blog\/wp-json\/wp\/v2\/categories?post=2592"},{"taxonomy":"post_tag","embeddable":true,"href":"https:\/\/www.lacortedelingles.com\/blog\/wp-json\/wp\/v2\/tags?post=2592"}],"curies":[{"name":"wp","href":"https:\/\/api.w.org\/{rel}","templated":true}]}}