{"id":2803,"date":"2017-06-25T13:12:55","date_gmt":"2017-06-25T11:12:55","guid":{"rendered":"http:\/\/www.lacortedelingles.com\/blog\/?p=2803"},"modified":"2017-08-10T15:18:22","modified_gmt":"2017-08-10T13:18:22","slug":"los-illuminati-una-manifestacion-la-sombra","status":"publish","type":"post","link":"https:\/\/www.lacortedelingles.com\/blog\/los-illuminati-una-manifestacion-la-sombra\/","title":{"rendered":"Los Illuminati como una manifestaci\u00f3n de la SOMBRA."},"content":{"rendered":"<p><iframe loading=\"lazy\" src=\"https:\/\/www.youtube.com\/embed\/6sdYzVzWJHc?rel=0&amp;showinfo=0\" width=\"640\" height=\"360\" frameborder=\"0\" allowfullscreen=\"allowfullscreen\"><\/iframe><\/p>\n<p style=\"text-align: justify;\">El\u00a0individuo est\u00e1 dotado de una <strong>conciencia que deriva de su inconsciente<\/strong>. Este tiene un aspecto que <strong>C. G.\u00a0Jung<\/strong> llamaba la Sombra. <strong>\u201cLa\u00a0Sombra\u201d<\/strong> es una parte del inconsciente donde se almacena todo lo reprimido, tanto positivo como\u00a0negativo.<\/p>\n<p style=\"text-align: justify;\">La\u00a0humanidad tiene<strong> una herencia com\u00fan que va unida a una forma de\u00a0 <a href=\"http:\/\/www.lacortedelingles.com\/corte-del-ingles-arte.html\" target=\"_blank\" rel=\"noopener noreferrer\">expresionismo<\/a><\/strong> (el simbolismo).Tal herencia es el <strong>inconsciente colectivo<\/strong>, en consecuencia, si la humanidad en su conjunto forma\u00a0un inconsciente tambi\u00e9n tiene la faceta llamada Sombra. Jung ejemplificaba que en una guerra los soldados se convierten en la Sombra; este ejemplo permite ver que esta faceta del inconsciente puede ser algo abstracto y sutil, pero <strong>siempre es formada por individuos.<\/strong><\/p>\n<p style=\"text-align: justify;\"><img loading=\"lazy\" decoding=\"async\" class=\"size-full wp-image-974 aligncenter\" src=\"http:\/\/www.lacortedelingles.com\/blog\/wp-content\/uploads\/2014\/12\/LUCHA.jpg\" alt=\"\" width=\"1848\" height=\"1321\" \/><\/p>\n<p style=\"text-align: justify;\"><strong>La\u00a0Sombra tiene sus or\u00edgenes en el inicio de la humanidad primitiva,<\/strong> que a lo largo del tiempo diferentes grupos de personas la han representado. En\u00a0pleno siglo XXI sigue vigente un grupo, o m\u00e1s bien <strong>entidad,<\/strong> <strong>manifest\u00e1ndose como\u00a0la Sombra.<\/strong> Sus or\u00edgenes se remontan al inicio de la civilizaci\u00f3n Aria, en la zona del Caucaso, con el surgimiento de Babilonia, Fenicia y otras. <strong>Los individuos de la Sombra empezaron a transmitir sus conocimientos de generaci\u00f3n en generaci\u00f3n y en escuelas ocultistas,<\/strong> con el paso de los siglos su poder en la sociedad fue creciendo hasta que a d\u00eda de hoy el Poder est\u00e1 en las manos de la Sombra, controlando todo el sistema\u00a0econ\u00f3mico mundial a trav\u00e9s de imperios bancarios como\u00a0Rothschild &amp; Co., consorcios petrol\u00edferos, comit\u00e9s pol\u00edticos, etc.<\/p>\n<p style=\"text-align: justify;\">El\u00a0hecho de que en pa\u00edses tercermundistas millones de personas mueran de hambre o que ni\u00f1as sean obligadas a prostituirse no es debido a una mala coordinaci\u00f3n econ\u00f3mica sino que es<strong> provocado a conciencia<\/strong> con la finalidad de implantar el Gobierno Mundial.<\/p>\n<p style=\"text-align: justify;\"><strong>La\u00a0Sombra tiene la necesidad vital de controlar a la masa,<\/strong> la mejor forma\u00a0es <strong>controlando la educaci\u00f3n porque una revoluci\u00f3n con la masa desinformada siempre acaba siendo manipulada y utilizada para favorecer a esta \u00e9lite en la Sombra.<\/strong>Ella es la responsable de impulsar y crear las circunstancias necesarias para que exploten las guerras mundiales.<\/p>\n<p style=\"text-align: justify;\">No\u00a0obstante, <strong>los Iluminati no son los culpables de las guerras mundiales, es el individuo en masa el que genera un estado de conciencia ps\u00edquico cuya respuesta vibracional causa millones de muertes<\/strong> en sangrientas batallas y gran sufrimiento a otros tantos millones.<\/p>\n<p style=\"text-align: justify;\"><strong> Sus cualidades negativas son terror\u00edficas pero sus cualidades positivas son maravillosas.<\/strong> Una de ellas es la entrega hacia un plan, luchan por conseguir un objetivo e incluso entregan su vida a \u00e9l, distinto del fanatismo\u00a0en el cual s\u00f3lo ve una posibilidad sin alternativa.<\/p>\n<h5 style=\"text-align: justify;\">Otra gran cualidad es la conciencia de grupo donde el individuo deja de luchar para uno mismo\u00a0y se entrega al prop\u00f3sito del grupo, el simple hecho de trabajar o hacer aportaciones para un proyecto que se realizar\u00e1 a\u00f1os m\u00e1s tarde de su muerte es una muestra de esta conciencia grupal.<\/h5>\n<p style=\"text-align: justify;\"><strong>El\u00a0factor clave es que estos atributos positivos son enfocados hacia fines ajenos a la evoluci\u00f3n humana.<\/strong> <strong>Si\u00a0sus cualidades empiezan a formar parte de la vida cotidiana, entonces se dar\u00e1 un paso m\u00e1s hacia la integraci\u00f3n de la Sombra.<\/strong> Del mismo\u00a0modo <strong>es necesario aceptar la parte oscura para as\u00ed incluirla, ya que la Sombra es una parte de la psique excluida del resto, y poder transmutarla a positivo.<\/strong><\/p>\n<p style=\"text-align: justify;\"><strong>Los Iluminati, como\u00a0una manifestaci\u00f3n de la Sombra, conocen gran parte de la historia, que ha sido ocultada en parte por ellos mismos.<\/strong><\/p>\n<p style=\"text-align: justify;\"><strong>Anta\u00f1o la humanidad estaba dogmatizada por el espiritualismo, hoy la humanidad est\u00e1 en el polo opuesto dogmatizada por el materialismo.<\/strong> Jung ve\u00eda en esto una grave enfermedad por que <strong>el individuo pierde el camino hacia la b\u00fasqueda de la esencia del ser y, en una ansia de encontrar el camino, recurre al ocio y a las adiciones para encontrar en ellas un significado de la vida, un camino hacia la b\u00fasqueda del esp\u00edritu.<\/strong><\/p>\n<p style=\"text-align: justify;\">La\u00a0mente del microcosmos de la humanidad, el individuo, queda nublado por las corrientes de la ciencia materialista tachando todo aquello que podr\u00eda llevarlo a una b\u00fasqueda interna.<\/p>\n<p style=\"text-align: justify;\">Uno puede sentirse impotente ante el caos mundial, el cual siembra el terror y la masa en un intento de conseguir seguridad y comodidad, entrega la poca libertad que le queda a la autoridad, pero siempre hay oportunidades para <strong>al menos intentar ofrecer el peque\u00f1o aporte que la personalidad puede entregar al conjunto con la finalidad de cambiar a positivo.<\/strong><\/p>\n<p style=\"text-align: justify;\"><strong>Solamente cuando la humanidad cambie su psique \u201cla Sombra\u201d podr\u00e1 integrase en la inclusividad, es decir, en cuanto el individuo siga emitiendo emociones y pensamientos impuros, cargados de maldad y de no-compasi\u00f3n, la Sombra no desaparecer\u00e1 y sus consecuencias no pasar\u00e1n desapercibidas.<\/strong><\/p>\n<p style=\"text-align: justify;\"><strong>Fuente:<\/strong><br \/>\nMotivos para una revoluci\u00f3n illuminati<br \/>\nAutor: Adonay Nunes<\/p>\n","protected":false},"excerpt":{"rendered":"<p>El\u00a0individuo est\u00e1 dotado de una conciencia que deriva de su inconsciente. Este tiene un aspecto que C. G.\u00a0Jung llamaba la Sombra. \u201cLa\u00a0Sombra\u201d es una parte del inconsciente donde se almacena todo lo reprimido, tanto positivo como\u00a0negativo. La\u00a0humanidad tiene una herencia com\u00fan que va unida a una forma de\u00a0 expresionismo (el simbolismo).Tal herencia es el inconsciente [&hellip;]<\/p>\n","protected":false},"author":1,"featured_media":0,"comment_status":"closed","ping_status":"closed","sticky":false,"template":"","format":"standard","meta":{"footnotes":""},"categories":[17,264],"tags":[259],"class_list":["post-2803","post","type-post","status-publish","format-standard","hentry","category-espiritualidad","category-general","tag-la-sombra"],"_links":{"self":[{"href":"https:\/\/www.lacortedelingles.com\/blog\/wp-json\/wp\/v2\/posts\/2803","targetHints":{"allow":["GET"]}}],"collection":[{"href":"https:\/\/www.lacortedelingles.com\/blog\/wp-json\/wp\/v2\/posts"}],"about":[{"href":"https:\/\/www.lacortedelingles.com\/blog\/wp-json\/wp\/v2\/types\/post"}],"author":[{"embeddable":true,"href":"https:\/\/www.lacortedelingles.com\/blog\/wp-json\/wp\/v2\/users\/1"}],"replies":[{"embeddable":true,"href":"https:\/\/www.lacortedelingles.com\/blog\/wp-json\/wp\/v2\/comments?post=2803"}],"version-history":[{"count":4,"href":"https:\/\/www.lacortedelingles.com\/blog\/wp-json\/wp\/v2\/posts\/2803\/revisions"}],"predecessor-version":[{"id":2814,"href":"https:\/\/www.lacortedelingles.com\/blog\/wp-json\/wp\/v2\/posts\/2803\/revisions\/2814"}],"wp:attachment":[{"href":"https:\/\/www.lacortedelingles.com\/blog\/wp-json\/wp\/v2\/media?parent=2803"}],"wp:term":[{"taxonomy":"category","embeddable":true,"href":"https:\/\/www.lacortedelingles.com\/blog\/wp-json\/wp\/v2\/categories?post=2803"},{"taxonomy":"post_tag","embeddable":true,"href":"https:\/\/www.lacortedelingles.com\/blog\/wp-json\/wp\/v2\/tags?post=2803"}],"curies":[{"name":"wp","href":"https:\/\/api.w.org\/{rel}","templated":true}]}}