{"id":2969,"date":"2017-08-11T00:47:17","date_gmt":"2017-08-10T22:47:17","guid":{"rendered":"http:\/\/www.lacortedelingles.com\/blog\/?p=2969"},"modified":"2017-08-11T20:20:22","modified_gmt":"2017-08-11T18:20:22","slug":"la-magia-la-musica","status":"publish","type":"post","link":"https:\/\/www.lacortedelingles.com\/blog\/la-magia-la-musica\/","title":{"rendered":"La Magia de la M\u00fasica."},"content":{"rendered":"<p><iframe loading=\"lazy\" src=\"https:\/\/www.youtube.com\/embed\/BlrtrP72Gdk?rel=0&amp;showinfo=0\" width=\"640\" height=\"360\" frameborder=\"0\" allowfullscreen=\"allowfullscreen\"><\/iframe><\/p>\n<p style=\"text-align: justify;\">Lo primero, decir que \u201c<strong>La Corte del Ingl\u00e9s\u201d<\/strong> dedica esta canci\u00f3n a ese <strong>internauta<\/strong> que nos ha escrito en facebook, diciendo que <strong>le encantan los v\u00eddeos musicales<\/strong> que vamos poniendo en el BLOG. <strong>Un fuerte abrazo Don Francisco.<\/strong><\/p>\n<p style=\"text-align: justify;\"><strong>La armon\u00eda.<\/strong> Una melod\u00eda no es una suma de notas o de tonos, con sus correspondientes arm\u00f3nicos, sino que en el \u00e1rea de la audici\u00f3n tambi\u00e9n se da <strong>la percepci\u00f3n de formas,<\/strong> y estas formas son, en primer lugar, <strong>los arm\u00f3nicos,<\/strong> puesto que junto con los tonos constituyen la materia prima de una forma global, subdividida a su vez en otras estructuras. <strong>Una melod\u00eda es, por eso, primero, una serie de partes encadenadas entre si, de acuerdo a ciertas reglas de composici\u00f3n musical<\/strong> ( hay un arte de la Fuga, de la Sinfon\u00eda, de la Sonata, etc.., que conoce todo music\u00f3logo). Pero, por otro lado, ya los arm\u00f3nicos se constituyen de <strong>formas elemental\u00edsimas<\/strong>, puesto que no son, en primer lugar, la mera suma de sus constituyentes, sino algo m\u00e1s, con lo cual incidimos de lleno en una de las caracter\u00edsticas fundamentales de <strong>la Gestalt.<\/strong><\/p>\n<p style=\"text-align: justify;\">Parece ser que para el o\u00eddo occidental los arm\u00f3nicos <strong>de tercera<\/strong> ( do, mi, sol ) son los favoritos, mientras que, en cambio, para los hombres del Medievo era <strong>la quinta<\/strong> y para los griegos <strong>la octava.<\/strong><\/p>\n<p style=\"text-align: justify;\"><strong>El ritmo.<\/strong> El ritmo no es m\u00e1s que la aliteraci\u00f3n de notas o sonidos, de inflexiones de la voz o de elementos visuales que implican por eso mismo una repetici\u00f3n. El ritmo, subray\u00e9moslo esto con \u00e9nfasis, es, pues, <strong>repetici\u00f3n del mismo movimiento, sensaci\u00f3n o percepci\u00f3n<\/strong>. Pero en el caso del ritmo musical es patente la asociaci\u00f3n entre percepci\u00f3n y movimiento, ya que los estudios m\u00e1s recientes demuestran la asociaci\u00f3n entre el ritmo musical y ciertas sensaciones Kinest\u00e9sicas.<\/p>\n<p style=\"text-align: justify;\">Tendemos a agrupar los elementos entre s\u00ed, creando formas elementales que son comparables a la que la vista crea a partir de la materia bruta de la visi\u00f3n.<\/p>\n<p style=\"text-align: justify;\"><strong>El ritmo dispara movimientos musculares expl\u00edcitos o impl\u00edcitos.<\/strong> Las experiencias de H.P.Weld, publicadas en American Journal of Psychology, 23 ,1912 bajo el t\u00edtulo \u201cAn experimental study of musical enjoyment\u201d, confirman no solo los efectos fisiol\u00f3gicos de la m\u00fasica ( como, por ejemplo, un incremento en el ritmo cardiaco y de los movimientos respiratorios), sino <strong>toda una gama de Kinestesias y de contracciones musculares patentes.<\/strong><\/p>\n<p style=\"text-align: justify;\">Uno de los sujetos de este grupo afirmaba, por ejemplo:<\/p>\n<h5 style=\"text-align: justify;\">\u201cEs como si hubiera un movimiento dentro de m\u00ed y que me acompasara el ritmo de la m\u00fasica.<\/h5>\n<p style=\"text-align: justify;\">Me produc\u00eda una impresi\u00f3n de tensi\u00f3n en una parte o en otra del cuerpo.\u201dOtros golpeaban la mesa con los nudillos o mov\u00edan los pies.<\/p>\n<p style=\"text-align: justify;\">Fuente: Psicolog\u00eda del arte<br \/>\nAutor: Alfonso Alvarez Villar.<\/p>\n<p><img loading=\"lazy\" decoding=\"async\" class=\" wp-image-2839 aligncenter\" src=\"http:\/\/www.lacortedelingles.com\/blog\/wp-content\/uploads\/2017\/07\/letra-papyrus.jpg\" alt=\"\" width=\"360\" height=\"99\" \/><\/p>\n","protected":false},"excerpt":{"rendered":"<p>Lo primero, decir que \u201cLa Corte del Ingl\u00e9s\u201d dedica esta canci\u00f3n a ese internauta que nos ha escrito en facebook, diciendo que le encantan los v\u00eddeos musicales que vamos poniendo en el BLOG. Un fuerte abrazo Don Francisco. La armon\u00eda. Una melod\u00eda no es una suma de notas o de tonos, con sus correspondientes arm\u00f3nicos, [&hellip;]<\/p>\n","protected":false},"author":1,"featured_media":0,"comment_status":"closed","ping_status":"closed","sticky":false,"template":"","format":"standard","meta":{"footnotes":""},"categories":[264],"tags":[265],"class_list":["post-2969","post","type-post","status-publish","format-standard","hentry","category-general","tag-melodia"],"_links":{"self":[{"href":"https:\/\/www.lacortedelingles.com\/blog\/wp-json\/wp\/v2\/posts\/2969","targetHints":{"allow":["GET"]}}],"collection":[{"href":"https:\/\/www.lacortedelingles.com\/blog\/wp-json\/wp\/v2\/posts"}],"about":[{"href":"https:\/\/www.lacortedelingles.com\/blog\/wp-json\/wp\/v2\/types\/post"}],"author":[{"embeddable":true,"href":"https:\/\/www.lacortedelingles.com\/blog\/wp-json\/wp\/v2\/users\/1"}],"replies":[{"embeddable":true,"href":"https:\/\/www.lacortedelingles.com\/blog\/wp-json\/wp\/v2\/comments?post=2969"}],"version-history":[{"count":4,"href":"https:\/\/www.lacortedelingles.com\/blog\/wp-json\/wp\/v2\/posts\/2969\/revisions"}],"predecessor-version":[{"id":2981,"href":"https:\/\/www.lacortedelingles.com\/blog\/wp-json\/wp\/v2\/posts\/2969\/revisions\/2981"}],"wp:attachment":[{"href":"https:\/\/www.lacortedelingles.com\/blog\/wp-json\/wp\/v2\/media?parent=2969"}],"wp:term":[{"taxonomy":"category","embeddable":true,"href":"https:\/\/www.lacortedelingles.com\/blog\/wp-json\/wp\/v2\/categories?post=2969"},{"taxonomy":"post_tag","embeddable":true,"href":"https:\/\/www.lacortedelingles.com\/blog\/wp-json\/wp\/v2\/tags?post=2969"}],"curies":[{"name":"wp","href":"https:\/\/api.w.org\/{rel}","templated":true}]}}