{"id":3122,"date":"2017-08-17T02:56:16","date_gmt":"2017-08-17T00:56:16","guid":{"rendered":"http:\/\/www.lacortedelingles.com\/blog\/?p=3122"},"modified":"2017-08-17T11:37:59","modified_gmt":"2017-08-17T09:37:59","slug":"bajo-la-ley","status":"publish","type":"post","link":"https:\/\/www.lacortedelingles.com\/blog\/bajo-la-ley\/","title":{"rendered":"Bajo la Ley."},"content":{"rendered":"<p><iframe loading=\"lazy\" src=\"https:\/\/www.youtube.com\/embed\/4isXA-3kJmQ?rel=0&amp;showinfo=0\" width=\"640\" height=\"360\" frameborder=\"0\" allowfullscreen=\"allowfullscreen\"><\/iframe><\/p>\n<p><img loading=\"lazy\" decoding=\"async\" class=\"size-full wp-image-3123 aligncenter\" src=\"http:\/\/www.lacortedelingles.com\/blog\/wp-content\/uploads\/2017\/08\/Pa\u00eds-Vasco.gif\" alt=\"\" width=\"386\" height=\"216\" \/><\/p>\n<p style=\"text-align: justify;\"><strong>LEIZE,<\/strong> que significa \u2018sima\u2019 en euskera es una banda de Zestoa (<strong>Pa\u00eds Vasco<\/strong>).<br \/>\nF\u00e9lix Lasa a la voz y la guitarra, Patxi a la guitarra, To\u00f1o Rodr\u00edguez y Toto Wali\u00f1o a la bater\u00eda dieron vida a LEIZE en septiembre de 1982, debutaron en directo en 1983 en Iraeta.<\/p>\n<p style=\"text-align: justify;\">La llamada <strong>cruz de San Andr\u00e9s<\/strong> es una cruz en forma de aspa. <strong>Representa el martirio de San Andr\u00e9s Ap\u00f3stol<\/strong>, seg\u00fan una tradici\u00f3n muy antigua que cuenta que el ap\u00f3stol fue <strong>crucificado en Patr\u00e1s<\/strong>, capital de la provincia de Acaya, <strong>en Grecia.<\/strong> Lo amarraron a una cruz en forma de X y all\u00ed estuvo padeciendo durante tres d\u00edas, los cuales aprovech\u00f3 para predicar e instruir en la religi\u00f3n a todos los que se le acercaban.<\/p>\n<p style=\"text-align: justify;\"><strong>Es representaci\u00f3n de humildad y sufrimiento<\/strong> y en la her\u00e1ldica simboliza al caudillo invicto en combate.<\/p>\n<p style=\"text-align: justify;\">Por ser <strong>San Andr\u00e9s<\/strong> el patr\u00f3n de Borgo\u00f1a, <strong>la Cruz de Borgo\u00f1a<\/strong> era el emblema utilizado por las tropas de \u201c<strong>Juan Sin Miedo\u201d<\/strong> en la guerra de los Cien A\u00f1os.<\/p>\n<p style=\"text-align: justify;\">Juan se destac\u00f3 desde muy joven en diferentes combates, lo que le gan\u00f3 el apelativo de \u00abSin Miedo\u00bb. <strong>Su coraje en la lucha se hizo patente en la batalla de Nic\u00f3polis (1396) contra LOS TURCOS.<\/strong><\/p>\n<p>Fuente:Wikipedia.<\/p>\n<h4 style=\"text-align: justify;\">\u00bfHab\u00e9is olvidado el fuego que padeci\u00f3 Francia en la revuelta del 2005?.<\/h4>\n<p style=\"text-align: justify;\"><a href=\"https:\/\/es.wikipedia.org\/wiki\/Disturbios_de_Francia_de_2005\" target=\"_blank\" rel=\"noopener\">https:\/\/es.wikipedia.org\/wiki\/Disturbios_de_Francia_de_2005<\/a><\/p>\n<p style=\"text-align: justify;\">El reciente\u00a0<strong>evento de FUEGO en FRANCIA<\/strong> ( <strong>900 coches ardiendo<\/strong> ) ocurrido en su fiesta nacional del 14 de julio, les habr\u00e1 recordado la <strong>REVUELTA\u00a0de 2005.<\/strong><\/p>\n<p style=\"text-align: justify;\"><iframe loading=\"lazy\" src=\"https:\/\/www.youtube.com\/embed\/CW4DMhD9anI?rel=0&amp;showinfo=0\" width=\"640\" height=\"360\" frameborder=\"0\" allowfullscreen=\"allowfullscreen\"><\/iframe><\/p>\n<p style=\"text-align: justify;\">Seguro que los coches de la <strong>\u201cCASTA POL\u00cdTICO-FINANCIERA FRANCESA\u201d<\/strong> estaban guardaditos en sus garajes a salvo de <b>\u00a0LA CREM\u00c1.<\/b><\/p>\n<p style=\"text-align: justify;\"><a href=\"http:\/\/ecodiario.eleconomista.es\/europa\/noticias\/8500556\/07\/17\/Quema-masiva-de-coches-en-Francia-coincidiendo-con-la-Fiesta-Nacional-900-vehiculos-quemados-en-el-14-de-julio.html\" target=\"_blank\" rel=\"noopener\">http:\/\/ecodiario.eleconomista.es\/europa\/noticias\/8500556\/07\/17\/Quema-masiva-de-coches-en-Francia-coincidiendo-con-la-Fiesta-Nacional-900-vehiculos-quemados-en-el-14-de-julio.html<\/a><\/p>\n<p style=\"text-align: center;\"><strong>Te suena el dicho:<\/strong><\/p>\n<h5 style=\"text-align: justify;\">\u201cCuando las barbas de tu vecino veas pelar pon las tuyas a remojar\u201d.<\/h5>\n<p style=\"text-align: justify;\">En nuestro pa\u00eds, los pol\u00edticos <strong>han abierto las puertas<\/strong> de la capital de Espa\u00f1a ( Madrid) por <strong>tierra, mar, y aire,<\/strong> a <strong>una \u00abINMIGRACI\u00d3N DE CORTE ISL\u00c1MICA\u00bb<\/strong>, con todo tipo de<strong> ayudas y recursos<\/strong> para que se instalen c\u00f3modamente.<\/p>\n<p style=\"text-align: justify;\"><a href=\"https:\/\/intereconomia.com\/economia\/politica\/cifuentes-destina-70-las-ayudas-al-alquiler-inmigrantes-20170627-1620\/\" target=\"_blank\" rel=\"noopener\">https:\/\/intereconomia.com\/economia\/politica\/cifuentes-destina-70-las-ayudas-al-alquiler-inmigrantes-20170627-1620\/<\/a><\/p>\n<p style=\"text-align: justify;\">La \u00e9lite econ\u00f3mica ( poder en la sombra) permite <strong>la entrada<\/strong> ( por la puerta grande ) <strong>del \u00abISLAM\u00bb hasta el coraz\u00f3n de Espa\u00f1a con el benepl\u00e1cito de la CIA.<\/strong><\/p>\n<h5 style=\"text-align: justify;\">La mejor forma de penetrar en el \u201ctejido social Espa\u00f1ol\u201d es sin duda a manos de \u201cEl Corte Ingl\u00e9s\u201d.<\/h5>\n<p style=\"text-align: justify;\"><a href=\"http:\/\/www.mil21.es\/noticia\/169\/claves\/la-cia-aprobo-la-inversion-de-1.000-millones-del-jeque-qatari-bin-al-thani-en-el-corte-ingles.html\" target=\"_blank\" rel=\"noopener\">http:\/\/www.mil21.es\/noticia\/169\/claves\/la-cia-aprobo-la-inversion-de-1.000-millones-del-jeque-qatari-bin-al-thani-en-el-corte-ingles.html<\/a><\/p>\n<p style=\"text-align: justify;\">Una de las <strong>empresas m\u00e1s representativas y con mayor influencia dentro del estado Espa\u00f1ol<\/strong>, ha vendido aproximadamente el <strong>10%<\/strong> de la compa\u00f1\u00eda a un <strong>jeque de CATAR.<\/strong><\/p>\n<p style=\"text-align: justify;\">La corporaci\u00f3n \u201c<strong>Ceslar\u201d,<\/strong> ( due\u00f1a del 10 % del capital de \u201cEl Corte Ingl\u00e9s\u201d ) que<strong> se opuso<\/strong> judicialmente a la <strong>entrada del jeque<\/strong>, fue <strong>fulminada del consejo<\/strong> de administraci\u00f3n de la compa\u00f1\u00eda.<br \/>\nSu infraestructura ( plazas en las mejores zonas del pa\u00eds ) de \u00a0empresa, as\u00ed como su enorme \u00ab<strong>PODER DE INFLUENCIA\u00bb<\/strong>\u00a0<strong>en la sociedad de consumo<\/strong>, es un <strong>ARMA<\/strong>\u00a0<strong>muy poderosa<\/strong>, un arma que poco a poco, ir\u00e1 a manos de los nuevos accionistas.<\/p>\n<p style=\"text-align: justify;\">No creo que haga falta deciros qui\u00e9n realizaba en mayor o menor medida las labores de \u201c<strong>GOOGLE, y FACEBOOK\u201d<\/strong>\u00a0en Espa\u00f1a antes de que estas hiciesen su entrada en el <strong>SISTEMA.<\/strong><\/p>\n<p style=\"text-align: justify;\"><strong>El SISTEMA<\/strong>, tiene tanta <strong>informaci\u00f3n sobre tu persona,<\/strong> que solo con pulsar una tecla puede predecir hasta en un <strong>90% <\/strong>tus h\u00e1bitos, gustos, y lo m\u00e1s importante \u201c<strong>tu nivel de peligrosidad \u201d.<\/strong><\/p>\n<p style=\"text-align: justify;\">Los <strong>INGENIEROS SOCIALES,<\/strong> realizan permanentes estudios sobre la poblaci\u00f3n, con el prop\u00f3sito de conseguir mantener a la \u201c<strong>MASA MULTICULTURAL\u201d<\/strong> ( <strong>plan Kalergi<\/strong> ) en un <strong>aparente \u00a0perfecto estado de equilibrio.<\/strong><\/p>\n<p style=\"text-align: justify;\"><strong>&#8211; \u00bf Qu\u00e9 co\u00f1o quieres decir?.<\/strong><\/p>\n<p style=\"text-align: justify;\">Te pongo un ejemplo:<\/p>\n<h5 style=\"text-align: justify;\">\u00bf A qui\u00e9n crees que dar\u00edan antes una ayuda social, a un delincuente marginal con brotes \u201cviolentos\u201d ya sea espa\u00f1ol o extranjero o a un pobre desempleado \u201csumiso\u201d?.<\/h5>\n<p style=\"text-align: justify;\">La respuesta es obvia, es preferible <strong>tener controlado<\/strong> en la medida de lo posible al potencial asesino, chorizo, o delincuente, antes que al trabajador que su conducta\u00a0<strong>ha sido moldeada<\/strong> en\u00a0<strong>empresas \u00a0100% \u00a0del sistema.<\/strong><\/p>\n<p style=\"text-align: justify;\">&#8211; Cierto es, que puede haber alg\u00fan caso aislado parecido al de la pel\u00edcula\u00a0<strong>\u201cun d\u00eda de furia\u201d<\/strong>.<\/p>\n<p><a href=\"https:\/\/www.elconfidencial.com\/espana\/2014-12-19\/estrellan-un-coche-contra-la-sede-del-pp-en-madrid-que-podria-tener-un-explosivo_596418\/\" target=\"_blank\" rel=\"noopener\">https:\/\/www.elconfidencial.com\/espana\/2014-12-19\/estrellan-un-coche-contra-la-sede-del-pp-en-madrid-que-podria-tener-un-explosivo_596418\/<\/a><\/p>\n<p style=\"text-align: justify;\"><strong>Esta es la raz\u00f3n principal por la que a ciertos colectivos les dan una \u00abAYUDA SOCIAL\u00bb de por vida.<\/strong> Es preferible<strong> tenerlos m\u00e1s o menos controlados<\/strong> d\u00e1ndoles una paga y una serie de privilegios, que descontrolados sin un m\u00e9todo de control. <strong>A ellos los controlan d\u00e1ndoles una paga y a ti te controlan a base de IMPUESTOS y TRABAJOS DE ESCLAVO.<\/strong><\/p>\n<p style=\"text-align: justify;\">&#8211; <a href=\"http:\/\/www.lacortedelingles.com\/blog\/mis-quejas\/\">Las t\u00e9cnicas \u201cdel SISTEMA\u201d para Agotar a un \u201cCIUDADANO ESPA\u00d1OL\u201d a la hora de RENOVAR su minusval\u00eda y SOLICITAR una ayuda social ( RMI ).<\/a><\/p>\n<p style=\"text-align: justify;\"><strong>T\u00fa, eres el \u00daNICO DESGRACIADO.<\/strong> Pasas m\u00e1s horas que un reloj en trabajos de mierda, para percibir un salario que en la mayor\u00eda de los casos es m\u00e1s bajo que la ayuda que se llevan \u201cALGUN@S\u201d, <strong>por tocarse los cojones o los ovarios.<\/strong><\/p>\n<p style=\"text-align: justify;\"><iframe loading=\"lazy\" src=\"https:\/\/www.youtube.com\/embed\/7HFufyejhCA?rel=0&amp;showinfo=0\" width=\"640\" height=\"360\" frameborder=\"0\" allowfullscreen=\"allowfullscreen\"><\/iframe><\/p>\n<p style=\"text-align: justify;\">Si esto te parece poco, tienes que saber que en muchos casos el obrero para poder mantener su trabajo de mierda, tiene que rebajarse, y <strong>chupar el culo ( BESO NEGRO ) a los enchufados de<\/strong> <strong>turno,<\/strong> para que estos encima se echen unas risas a costa de su pose servil.<\/p>\n<h5 style=\"text-align: justify;\">El ingeniero social CONOCE a la perfecci\u00f3n las 3 claves del desgraciado obrero:<\/h5>\n<p style=\"text-align: justify;\">&#8211; Es el \u201c<strong>PERFECTO SUMISO\u201d<\/strong>. Antes de hacer da\u00f1o a algui\u00e9n, como el \u201cTIPO PELIGROSO\u201d, se lo infringe el mismo.<br \/>\n&#8211; Se queda de \u201c<strong>BRAZOS CRUZADOS\u201d<\/strong> mientras observa estupefacto c\u00f3mo otros se gastan los ahorros de su pa\u00eds.<br \/>\n&#8211; Es <strong>muy sencillo distraerle<\/strong>, solo hay que darle \u201c<strong>futbol y m\u00e1s futbol.<\/strong><\/p>\n<p style=\"text-align: justify;\">Para aquellos que no est\u00e1n catalogados dentro de un nivel de peligrosidad como tal , pero que por su actitud y comportamiento anti-sistema podr\u00eda llegar a representar en un futuro a medio largo plazo incluso m\u00e1s peligro que los de car\u00e1cter peligrosos, se les desconectan del sistema autom\u00e1ticamente, <strong>cort\u00e1ndoles el suministro del DINERO.<\/strong><\/p>\n<p>&nbsp;<\/p>\n","protected":false},"excerpt":{"rendered":"<p>LEIZE, que significa \u2018sima\u2019 en euskera es una banda de Zestoa (Pa\u00eds Vasco). F\u00e9lix Lasa a la voz y la guitarra, Patxi a la guitarra, To\u00f1o Rodr\u00edguez y Toto Wali\u00f1o a la bater\u00eda dieron vida a LEIZE en septiembre de 1982, debutaron en directo en 1983 en Iraeta. La llamada cruz de San Andr\u00e9s es [&hellip;]<\/p>\n","protected":false},"author":1,"featured_media":0,"comment_status":"closed","ping_status":"closed","sticky":false,"template":"","format":"standard","meta":{"footnotes":""},"categories":[264],"tags":[266],"class_list":["post-3122","post","type-post","status-publish","format-standard","hentry","category-general","tag-islam"],"_links":{"self":[{"href":"https:\/\/www.lacortedelingles.com\/blog\/wp-json\/wp\/v2\/posts\/3122","targetHints":{"allow":["GET"]}}],"collection":[{"href":"https:\/\/www.lacortedelingles.com\/blog\/wp-json\/wp\/v2\/posts"}],"about":[{"href":"https:\/\/www.lacortedelingles.com\/blog\/wp-json\/wp\/v2\/types\/post"}],"author":[{"embeddable":true,"href":"https:\/\/www.lacortedelingles.com\/blog\/wp-json\/wp\/v2\/users\/1"}],"replies":[{"embeddable":true,"href":"https:\/\/www.lacortedelingles.com\/blog\/wp-json\/wp\/v2\/comments?post=3122"}],"version-history":[{"count":17,"href":"https:\/\/www.lacortedelingles.com\/blog\/wp-json\/wp\/v2\/posts\/3122\/revisions"}],"predecessor-version":[{"id":3140,"href":"https:\/\/www.lacortedelingles.com\/blog\/wp-json\/wp\/v2\/posts\/3122\/revisions\/3140"}],"wp:attachment":[{"href":"https:\/\/www.lacortedelingles.com\/blog\/wp-json\/wp\/v2\/media?parent=3122"}],"wp:term":[{"taxonomy":"category","embeddable":true,"href":"https:\/\/www.lacortedelingles.com\/blog\/wp-json\/wp\/v2\/categories?post=3122"},{"taxonomy":"post_tag","embeddable":true,"href":"https:\/\/www.lacortedelingles.com\/blog\/wp-json\/wp\/v2\/tags?post=3122"}],"curies":[{"name":"wp","href":"https:\/\/api.w.org\/{rel}","templated":true}]}}