{"id":3362,"date":"2017-09-29T15:44:48","date_gmt":"2017-09-29T13:44:48","guid":{"rendered":"http:\/\/www.lacortedelingles.com\/blog\/?p=3362"},"modified":"2018-05-30T11:45:55","modified_gmt":"2018-05-30T09:45:55","slug":"las-tecnicas-del-sistema-agotar-ciudadano-espanol-la-hora-renovar-minusvalia-solicitar-una-ayuda-social-rmi","status":"publish","type":"post","link":"https:\/\/www.lacortedelingles.com\/blog\/las-tecnicas-del-sistema-agotar-ciudadano-espanol-la-hora-renovar-minusvalia-solicitar-una-ayuda-social-rmi\/","title":{"rendered":"Las t\u00e9cnicas \u00abdel SISTEMA\u00bb para Agotar a un \u00abCIUDADANO ESPA\u00d1OL\u00bb a la hora de RENOVAR su minusval\u00eda y \u00a0SOLICITAR una ayuda social ( RMI )."},"content":{"rendered":"<h3><\/h3>\n<p style=\"text-align: justify;\"><iframe loading=\"lazy\" src=\"https:\/\/www.youtube.com\/embed\/X4bgXH3sJ2Q?rel=0&amp;showinfo=0\" width=\"640\" height=\"360\" frameborder=\"0\" allowfullscreen=\"allowfullscreen\"><\/iframe><\/p>\n<p style=\"text-align: justify;\">En esta primera an\u00e9cdota detallar\u00e9 los \u201c<strong>OBST\u00c1CULOS\u201d<\/strong> a los que se ve <strong>SOMETIDO<\/strong> un \u201c<strong>ciudadano ESPA\u00d1OL<\/strong>\u201d, a la hora de solicitar la <strong>\u201c<span style=\"color: #ff0000;\">RENTA M\u00cdNIMA DE INSERCI\u00d3N ( RMI )\u201d.<\/span><\/strong><\/p>\n<p style=\"text-align: justify;\"><strong>Antes de empezar, aclaremos primero \u00a0que es:<\/strong><\/p>\n<p style=\"text-align: justify;\">La <span style=\"color: #ff0000;\"><strong>Renta M\u00ednima de Inserci\u00f3n<\/strong> <\/span>es una prestaci\u00f3n de naturaleza econ\u00f3mica, integrada por la suma de una<strong> prestaci\u00f3n mensual b\u00e1sica y un complemento variable,<\/strong> en funci\u00f3n de los miembros que forman parte de la unidad de convivencia, con objeto de <strong>satisfacer las necesidades b\u00e1sicas de la misma.<\/strong><\/p>\n<p style=\"text-align: justify;\">Creo que sobra decir c\u00f3mo est\u00e1 el <span style=\"color: #ff0000;\"><strong>\u201cPANORAMA LABORAL EN ESPA\u00d1A\u201d.<\/strong> <\/span>Debido a esta <strong>situaci\u00f3n social, pol\u00edtica, y econ\u00f3mica,<\/strong> algunos ciudadanos se ven en la <span style=\"color: #ff0000;\"><strong>NECESIDAD<\/strong><\/span> <strong>de<\/strong> <span style=\"color: #ff0000;\"><strong>PEDIR<\/strong> <\/span>esa renta m\u00ednima de inserci\u00f3n, y otros, en el peor de los casos, toman la decisi\u00f3n de <span style=\"color: #ff0000;\"><strong>quitarse la vida.<\/strong><\/span><\/p>\n<p style=\"text-align: justify;\">El panorama lo resumo de la siguiente manera:<\/p>\n<p style=\"text-align: justify;\"><span style=\"color: #ff0000;\"><strong>PRECARIEDAD PARA LOS \u00abOBREROS\u00bb (ESCLAVOS) Y ABUNDANCIA PARA LOS \u201cENCHUFADOS\u201d, Y LOS AMOS ( EMPRESARIOS y POL\u00cdTICOS ).<\/strong><\/span><\/p>\n<p style=\"text-align: justify;\">&#8211; Enti\u00e9ndase por <strong>ESCLAVO<\/strong> aquella persona que realiza un <strong>trabajo servil<\/strong> todos los d\u00edas de la semana, y su <strong>salario es tan m\u00edsero que no alcanza en la mayor\u00eda de los casos los \u201c900<\/strong> <strong>EUROS MENSUALES\u00bb\u00a0<\/strong>(qu\u00e9date con esa cifra y la comparas con la <span style=\"color: #ff0000;\">cifra que aparece en los v\u00eddeos que te muestro al final<\/span>) \u201d. Seguro que a m\u00e1s de uno le habr\u00e1 venido a la cabeza el caso de alg\u00fan familiar, o de algui\u00e9n cercano a su entorno.<\/p>\n<p style=\"text-align: justify;\">&#8211; Denomino <strong>\u201cENCHUFADO\u201d,<\/strong> a \u00a0aquellas <strong>personas, en su gran \u00a0mayor\u00eda mediocres,<\/strong>\u00a0 que sin dedicarse a la pol\u00edtica, o al mundo empresarial, <strong>viven a costa del trabajador esclavo,<\/strong> en puestos de trabajo creados para que <strong>puedan tocarse bien \u201clas PELOTAS\u201d,<\/strong> y de paso si les apetece, las del esclavo que caiga en su red de influencia.<\/p>\n<p style=\"text-align: justify;\">Antes de entrar a detallar los procesos de solicitud de la renta RMI, me gustar\u00eda hacer otra observaci\u00f3n relacionada en materia de \u00a0\u00ab<strong>EDUCACI\u00d3N \u00a0y \u00a0EMIGRACI\u00d3N\u00bb.<\/strong><\/p>\n<h4 style=\"text-align: justify;\">\u00bfCu\u00e1ntos j\u00f3venes preparados con t\u00edtulos universitarios tienen que abandonar su pa\u00eds, Espa\u00f1a?<\/h4>\n<p style=\"text-align: justify;\">Os pongo un par de enlaces para que analic\u00e9is el alcance del asunto.<\/p>\n<p style=\"text-align: justify;\">&#8211; <a href=\"http:\/\/www.elmundo.es\/sociedad\/2016\/03\/17\/56ea7da022601d7f648b463f.html\" target=\"_blank\" rel=\"noopener\">http:\/\/www.elmundo.es\/sociedad\/2016\/03\/17\/56ea7da022601d7f648b463f.html<\/a><\/p>\n<p style=\"text-align: justify;\">&#8211;<a href=\"https:\/\/www.cuartopoder.es\/espana\/2017\/03\/03\/emigracion-juvenil-mas-60-000-jovenes-emigraron-al-exterior-primer-semestre-2016\/\" target=\"_blank\" rel=\"noopener\">https:\/\/www.cuartopoder.es\/espana\/2017\/03\/03\/emigracion-juvenil-mas-60-000-jovenes-emigraron-al-exterior-primer-semestre-2016\/<\/a><\/p>\n<p style=\"text-align: justify;\">Si eres de los que crees que un t\u00edtulo universitario te proporcionar\u00e1 un empleo en este <strong>PA\u00cdS<\/strong> <b>DE CHORIZOS Y PELOTAS<\/b>, lo llevas claro. Por muchas carreras que estudies, como no tengas \u201c<strong>UN PADRINO\u201d,<\/strong> casi nunca podr\u00e1s alcanzar el trabajo de un <strong>\u201cENCHUFADO\u00bb.<\/strong><\/p>\n<p style=\"text-align: justify;\">Igual eres de los que crees que el <strong>hijo de un obrero<\/strong> puede llegar a la <strong>cima del poder<\/strong>\u00a0<strong>POL\u00cdTICO\u00a0o ECON\u00d3MICO<\/strong>\u00a0por el simple hecho de tener estudios superiores.<\/p>\n<p style=\"text-align: justify;\"><em>Pobre ignorante, siento decirte que lo que se esconde detr\u00e1s de esa simple apariencia de tes\u00f3n, esfuerzo, y estudios universitarios, es un trabajo de \u00ab<strong>CORTESANO\u00bb<\/strong>\u00a0realizado por el <strong>padre de ese hijo obrero<\/strong> para el beneficio de su AMO. Ese ocultismo, es lo que llev\u00f3 a su hijo a alcanzar la cima, y no los estudios de adoctrinamiento del sistema educativo espa\u00f1ol.<\/em><\/p>\n<p style=\"text-align: justify;\">Con todo esto, <strong>NO te estoy diciendo que dejes de estudiar<\/strong>, todo lo contrario, <strong>estudia hasta lograr adquirir un sentido cr\u00edtico que te permita ver la \u00a0AUT\u00c9NTICA REALIDAD DE LAS COSAS.<\/strong><\/p>\n<h4 style=\"text-align: justify;\">Cuanto m\u00e1s estudies, y m\u00e1s sentido cr\u00edtico adquieras, m\u00e1s recursos tendr\u00e1s para poder defenderte de los siervos ( enchufados y pelotas) del poder.<\/h4>\n<p style=\"text-align: justify;\">Una vez realizada esta peque\u00f1a introducci\u00f3n, pasar\u00e9 a detallar lo acontecido durante el <strong>proceso de solicitud de la RMI<\/strong>, no sin antes resumir el <strong>proceso de renovaci\u00f3n de la Minusval\u00eda.<\/strong><\/p>\n<h3 style=\"text-align: justify;\">Renovaci\u00f3n de una MINUSVAL\u00cdA en la COMUNIDAD DE MADRID.<\/h3>\n<p style=\"text-align: justify;\">Estando tramitando la renovaci\u00f3n del documento ( Ref 08\/837216.9\/16 ) que reconoce el grado de minusval\u00eda el d\u00eda <strong>27\/09\/2016<\/strong> a las 12:14 horas, en la calle Agust\u00edn Calvo N\u00ba 4, ( CENTRO BASE 5 ) <strong>se me comunica que se est\u00e1n produciendo demoras de al menos 6 MESES<\/strong> para poder otorgar la primera cita. Seg\u00fan palabras del funcionario, esto se debe a la ausencia de un m\u00e9dico del tribunal.<\/p>\n<p style=\"text-align: justify;\"><strong>Puse una QUEJA el 9 de enero<\/strong> cuando llevaba esperando <strong>3 meses y medio.<\/strong> A los <strong>5 meses y medio<\/strong> mand\u00e9 dos \u00abCARTAS CERTIFICADAS\u00bb, una a \u201c<strong>Don Carlos Izquierdo\u201d<\/strong>( responsable de pol\u00edticas sociales) y otra a \u201c<strong>Do\u00f1a Cristina Cifuentes\u201d ( presidenta de la COMUNIDAD DE MADRID)<\/strong>\u00a0indic\u00e1ndoles la demora para obtener la primera cita de <strong>renovaci\u00f3n de la MINUSVAL\u00cdA.<\/strong><\/p>\n<h5 style=\"text-align: center;\"><strong>A la queja respondieron lo siguiente:<\/strong><\/h5>\n<p style=\"text-align: justify;\">Estimado Sr. Gallego:<\/p>\n<p style=\"text-align: justify;\"><em>En relaci\u00f3n con su escrito de fecha 9 de enero, recibido en la Direcci\u00f3n General de Atenci\u00f3n a Personas con Discapacidad el 13 de enero, en el que manifiesta su malestar por la demora en la valoraci\u00f3n del grado de discapacidad, ponemos en su conocimiento que:<\/em><\/p>\n<p style=\"text-align: justify;\"><em>Desde la Subdirecci\u00f3n General de Valoraci\u00f3n de la Discapacidad nos hemos puesto en contacto con el Centro Base n\u00ba 5 de Atenci\u00f3n a Personas con Discapacidad, desde donde nos comunican que su expediente est\u00e1 completo y que le citar\u00e1n lo antes posible. La nueva resoluci\u00f3n por la que se le reconozca el grado de discapacidad tendr\u00e1 fecha de efectos desde la fecha de su solicitud.<\/em><\/p>\n<p style=\"text-align: justify;\"><em>Desde la Comunidad de Madrid trabajamos para dar una respuesta \u00e1gil a los ciudadanos y acortar los plazos, que pueden variar en diferentes per\u00edodos temporales seg\u00fan el n\u00famero de solicitantes.<\/em><\/p>\n<p style=\"text-align: justify;\">Lamentamos los inconvenientes que esta situaci\u00f3n le haya podido causar.<br \/>\nAtentamente.<\/p>\n<h3 style=\"text-align: justify;\">\u00bf Alguno de ustedes piensa, que las dos cartas certificadas que envi\u00e9 llevando 5 meses y medio de espera, tuvieron respuesta alguna?.<\/h3>\n<p style=\"text-align: justify;\">Obviamente no hubo respuesta alguna por parte de los responsables pol\u00edticos. <strong>A estas personas \u00a0<span style=\"color: #ff0000;\">EL CIUDADANO ESPA\u00d1OL \u00a0LE IMPORTA MUY POCO, POR NO DECIR NADA.<\/span><\/strong><\/p>\n<p style=\"text-align: center;\"><b>RESULTADO DE ESTE PROCESO:<\/b><\/p>\n<p style=\"text-align: justify;\">Los t\u00e9cnicos de sistema hacen a la perfecci\u00f3n su trabajo.<\/p>\n<p style=\"text-align: justify;\">&#8211;<strong>Retrasaron<\/strong> \u00a0la primera cita \u00a06 MESES.<\/p>\n<p style=\"text-align: justify;\">-Desmoralizan al espa\u00f1ol que est\u00e1 solicitando la renovaci\u00f3n de minusval\u00eda y \u00a0ayuda social. <strong>En este primer filtro muchos \u00abESPA\u00d1OLES\u00bb abandonan por aburrimiento<\/strong>. A esta t\u00e9cnica se la denomina com\u00fanmente \u00a0de \u00a0 \u201c<strong>DESGASTE \u00a0 o \u00a0AGOTAMIENTO<\/strong>\u201d.<\/p>\n<p style=\"text-align: justify;\">Si el desgraciado espa\u00f1ol no se ha cansado o aburrido de esperar durante esos <strong>\u201c6 MESES\u201d,<\/strong> del 27\/09 \/2016 al <span style=\"color: #ff0000;\"><strong>13\/ 03\/2017<\/strong> <\/span>los T\u00c9CNICOS del sistema por lo menos habr\u00e1n conseguido retrasar el mayor tiempo posible una futura solicitud de ayuda social a <strong>UN ESPA\u00d1OL.<\/strong><\/p>\n<p style=\"text-align: justify;\"><strong>SEGUNDO FILTRO.<\/strong><\/p>\n<p style=\"text-align: justify;\">Llamo el d\u00eda <strong>14 de marzo del 2017 para pedir cita en servicios sociales<\/strong> y me dan para el d\u00eda <strong>12 de abril de 2017.<\/strong><\/p>\n<p style=\"text-align: justify;\">En la cita del 12 de abril, la<strong> t\u00e9cnico del sistema<\/strong>\u00a0de SERVICIOS SOCIALES, me hace las preguntas pertinentes sobre mi situaci\u00f3n social, y me cita para una <strong>segunda cita el 27 de abril de 2017.<\/strong><\/p>\n<p style=\"text-align: justify;\"><span style=\"color: #ff0000;\"><strong>En esa segunda cita ELLA ( la t\u00e9cnico social del sistema) \u00a0RELLENA PERSONALMENTE LA SOLICITUD de la ayuda social,<\/strong><\/span> y me indica que tengo que <strong>traer una fotocopia de la primera hoja de la cartilla<\/strong> donde quiero que se me haga el ingreso, junto con un <strong>certificado del INEM<\/strong> donde diga que no estoy percibiendo prestaci\u00f3n alguna.<\/p>\n<p style=\"text-align: justify;\">El 28 de abril de 2017 me acerco al INEM para solicitar el certificado que me hab\u00edan pedido en servicios sociales, y despu\u00e9s de <strong>esperar casi 1 hora,<\/strong> me comunican que lo tengo que hacer v\u00eda telem\u00e1tica. En esos momentos aprovecho para preguntarle al responsable de la oficina, si sabr\u00eda decirme a que se debe <strong>la diferencia entre la cuant\u00eda de un subsidio de 900 euros para un marroqu\u00ed que reside en el pa\u00eds Vasco y otro de 400 para un espa\u00f1ol en Madrid<\/strong>.<\/p>\n<p style=\"text-align: justify;\"><strong>Al t\u00e9cnico del sistema le facilit\u00e9 el enlace que os dejo a continuaci\u00f3n.<\/strong><\/p>\n<p style=\"text-align: justify;\"><a href=\"http:\/\/www.elconfidencial.com\/espana\/pais-vasco\/2017-02-19\/yihadismo-detenidos-radicalizacion-ayudas-publicas_1334511\/\" target=\"_blank\" rel=\"noopener\">http:\/\/www.elconfidencial.com\/espana\/pais-vasco\/2017-02-19\/yihadismo-detenidos-radicalizacion-ayudas-publicas_1334511\/<\/a><\/p>\n<h3 style=\"text-align: justify;\">\u00bf Que cre\u00e9is que me dijo el responsable del sistema?<\/h3>\n<p style=\"text-align: justify;\">Este responsable <strong>no fue capaz o no quiso darme una respuesta sobre el tema de los subsidios.<\/strong>Utiliz\u00f3 una <strong>respuesta evasiva e intimidatoria,<\/strong> haciendo uso la palabra clave <span style=\"color: #ff0000;\"><strong>\u201cRacista\u201d.<\/strong><\/span><br \/>\nDebido al uso que hizo de esa palabra sobre mi persona, le puse una queja el 28 de abril de 2017.<\/p>\n<p style=\"text-align: justify;\">El t\u00e9cnico del sistema no fue capaz de ponerse en la piel ( <strong>empatizar<\/strong> ) de esa persona que <strong>lleva esperando <span style=\"color: #ff0000;\">6 MESES<\/span><\/strong> para obtener una primera cita que le permita \u00a0poder renovar su minusval\u00eda, y que a su vez le est\u00e1 preguntando\u00a0<span style=\"color: #ff0000;\"><strong>donde radica el motivo ( ley,decreto, etc..) para que existan subsidios de diferentes cuant\u00edas en base a nacionalidades distintas.<\/strong><\/span><\/p>\n<h4 style=\"text-align: justify;\">Algunos se preguntar\u00e1n,\u00bfc\u00f3mo puede haber semejantes elementos en puestos de responsabilidad?<\/h4>\n<p style=\"text-align: justify;\">Es muy sencillo.<strong>Su funci\u00f3n en este caso es la de un FILTRO<\/strong>, un filtro que <strong>LIMITA total y absolutamente la INFORMACI\u00d3N.<\/strong> El t\u00e9cnico entrega en este caso al oyente un contenido cargado de una palabra (RACISTA) altamente NOCIVA para el que la recibe. <strong>La gran mayor\u00eda de espa\u00f1oles temerosos<\/strong> de dicha palabra por sus nefastas consecuencias cierran la boca y se marchan por donde han venido. En este caso al t\u00e9cnico no le vali\u00f3 la <strong>estrategia EVASIVA<\/strong>, y se llev\u00f3 una queja, <span style=\"color: #ff0000;\"><strong>una queja que todos sabemos que en el mejor de los casos servir\u00e1 para que se limpie el culo despu\u00e9s de una BUENA CAGADA.<\/strong><\/span><\/p>\n<h4 style=\"text-align: justify;\">El responsable NO estaba realizando bien su funci\u00f3n. Ten\u00eda que haber desviado el centro de atenci\u00f3n del esclavo y buscar un punto en com\u00fan donde poder empatizar.<\/h4>\n<p style=\"text-align: justify;\">Ese mismo d\u00eda solicito el certificado v\u00eda telem\u00e1tica y lo recibo pasados 10 d\u00edas. Transcurridos los\u00a0d\u00edas<strong><span style=\"color: #ff0000;\"> voy de nuevo a SERVICIOS SOCIALES<\/span> a entregarles el certificado del INEM y la fotocopia de la primera hoja de la cartilla de BANKIA<\/strong> ( <span style=\"color: #ff0000;\">entidad que ejecuta las preferentes de los muertos<\/span>). La persona ( <strong>FILTRO <\/strong>\u00a0) que me atiende,\u00a0<strong>me dice que debo traerle la cartilla original para que la compulse<\/strong>. Le indico que la asistente social no me dijo en ning\u00fan momento de traer la cartilla original, solo la fotocopia de la primera cara. Ella insiste que debo traerle la cartilla bancaria .Esto hace ( \u00a0<strong>AGOTAMIENTO<\/strong> ) que al d\u00eda siguiente tenga que volver a llevarle la cartilla \u00a0para que la compulsen.<\/p>\n<h4 style=\"text-align: justify;\">Como pod\u00e9is comprobar, todas y cada una de las actuaciones tienen un fin concreto, \u00abDESMORALIZAR\u00bb y \u00a0hacer \u00abPERDER\u00bb el mayor tiempo posible ( para ellos PODER RETRASAR UNA AYUDA ) a un \u00abCIUDADANO ESPA\u00d1OL\u00bb para que \u00abDESISTA\u00bb en su empe\u00f1o de solicitar la ayuda social que por derecho deber\u00eda corresponderle.<\/h4>\n<p style=\"text-align: justify;\"><strong>Pasados 2 meses sigo sin recibir respuesta alguna por parte de los servicios sociales.<\/strong>\u00a0Decido llamarles para ver si me pueden informar sobre la situaci\u00f3n de mi solicitud. Me asignan cita para el <span style=\"color: #ff0000;\"><strong>11 de agosto de 2017.<\/strong><\/span><\/p>\n<p style=\"text-align: justify;\">En la cita del<span style=\"color: #ff0000;\"><strong> 11 de agosto<\/strong><\/span> tengo otra entrevista con una nueva T\u00c9CNICO DEL SISTEMA, donde me comunica que han recibido una notificaci\u00f3n <span style=\"color: #ff0000;\"><strong>por parte de la comunidad de Madrid donde indican que el socilitante tiene que aportar la siguiente documentaci\u00f3n:<\/strong><\/span><\/p>\n<p style=\"text-align: justify;\">&#8211; 1.1 \u00a0 Fotocopia compulsada Dni \/pasaporte en vigor<\/p>\n<p style=\"text-align: justify;\">&#8211; 1.2 2.1-Certificaci\u00f3n de empadronamiento de todos los miembros que componen la unidad de convivencia, en un solo documento, haciendo constar la fecha de alta. En su caso, constancia de que no existen m\u00e1s habitantes en la inscripci\u00f3n.<\/p>\n<p style=\"text-align: justify;\">&#8211; 1.3.3 \u2013 Documento acreditativo de la titularidad de la vivienda en que reside.<\/p>\n<p style=\"text-align: justify;\">&#8211; 1.4 Declaraci\u00f3n jurada de la persona ( debidamente identificada) que le permite vivir en su domicilio, donde aclare las condiciones de su alojamiento.<\/p>\n<p style=\"text-align: justify;\">&#8211; 1.5 .3.5 Aclarar mediante declaraci\u00f3n jurada, relaci\u00f3n o parentesco que le une con las personas que convive, aoportando datos personales y econ\u00f3micos de los mismos( Dni, n\u00f3minas, declaraci\u00f3n de la renta, certificados del inem, Inss,informes de vida laboral y justificantes de capital mobiliario e inmobiliario).<\/p>\n<p style=\"text-align: justify;\">&#8211; 1.6 Toda vez que aparece otra persona empadronada en el mismo domicilio.<\/p>\n<p style=\"text-align: justify;\">&#8211; 1.7.3 Documentaci\u00f3n bancaria acreditativa de los movimientos habidos en las cuentas de los miembros de su unidad de convivencia en los \u00faltimos 3 meses.<\/p>\n<p style=\"text-align: justify;\">&#8211; 1.8 Si en los nuevos movimientos aportados hubiera ingresos o transferencias a su favor aclarar la procedencia.<\/p>\n<p style=\"text-align: justify;\">&#8211; 1.9.8.3 Deber\u00e1 aportar todos sus datos personales para poder cumplimentar adecuadamente su solicitud como estado civil.<\/p>\n<p style=\"text-align: justify;\">&#8211; 1.10 Deber\u00e1 rellenar el apartado de la solicitud de entidad bancaria.<\/p>\n<p style=\"text-align: justify;\">&#8211; 1.11 Presentar declaraci\u00f3n jurada de los medios con los que cuenta para cubrir sus necesidades b\u00e1sicas. En caso de impago de vivienda, agua, luz, gas y otros suministros, acreditarlo documentalmente. Si realiza actividad laboral no reglada, aclarar los ingresos mensuales que obtiene indicando horas al d\u00eda y d\u00edas a la semana que dedica a dicha actividad, si recibe ayuda de familiares aclarar la relaci\u00f3n de parentesco y, cuantificar dichas ayudas en euros\/mes.<\/p>\n<h3 style=\"text-align: justify;\">\u00bf Porqu\u00e9 me comunican todo esto en la quinta vez que voy al centro?<\/h3>\n<p style=\"text-align: justify;\"><strong>Para retrasar el mayor tiempo posible la concesi\u00f3n de una ayuda a un ESPA\u00d1OL y a la vez producirle un \u00abDESGASTE MENTAL Y MORAL\u00bb en su persona para ver si se consigue de esta forma que \u00abDESISTA\u00bb en su empe\u00f1o de solicitar la citada ayuda social ( RMI ).<\/strong><\/p>\n<p style=\"text-align: justify;\">Al salir del despacho de la t\u00e9cnico social, me paso por recepci\u00f3n, para que me hagan una compulsa al dni, pidi\u00e9ndoselo de nuevo a \u00ab<strong>la misma persona\u00bb<\/strong> ( <strong>FILTRO<\/strong> ) de recepci\u00f3n. Esta me dice, que no \u00a0puede facilitarme una copia, ya que la copia de mi dni compulsado es solo exclusivo para el centro de servicios sociales.<\/p>\n<p style=\"text-align: justify;\">En fin, os cuento todo esto para que comprob\u00e9is por vosotros mismos la cantidad<span style=\"color: #ff0000;\"><strong>\u00a0de TRABAS \u00a0e \u00a0INCONVENIENTES que le ponen a un CIUDADANO ESPA\u00d1OL que va a solicitar una \u00a0AYUDA SOCIAL dentro de su pa\u00eds.<\/strong><\/span><\/p>\n<p style=\"text-align: center;\"><a href=\"http:\/\/www.ciss.es\/publico\/demos\/demoEXTRANJERIA.pdf\" target=\"_blank\" rel=\"noopener\">http:\/\/www.ciss.es\/publico\/demos\/demoEXTRANJERIA.pdf<\/a><\/p>\n<h5 style=\"text-align: justify;\">\u201cCuando las barbas de tu vecino veas pelar pon las tuyas a remojar\u201d.<\/h5>\n<p style=\"text-align: justify;\">En nuestro pa\u00eds, los pol\u00edticos <strong>han abierto las puertas<\/strong> de la capital de Espa\u00f1a \u00a0por <strong>tierra, mar \u00a0y aire<\/strong>\u00a0a <strong>una \u00abINMIGRACI\u00d3N DE CORTE ISL\u00c1MICA\u00bb<\/strong>, facilit\u00e1ndoles todo tipo de<strong> ayudas y recursos<\/strong> para que se instalen c\u00f3modamente.<\/p>\n<h5 style=\"text-align: justify;\"><a href=\"https:\/\/intereconomia.com\/economia\/politica\/cifuentes-destina-70-las-ayudas-al-alquiler-inmigrantes-20170627-1620\/\" target=\"_blank\" rel=\"noopener\">https:\/\/intereconomia.com\/economia\/politica\/cifuentes-destina-70-las-ayudas-al-alquiler-inmigrantes-20170627-1620\/<\/a><\/h5>\n<h5 style=\"text-align: justify;\">La \u00e9lite econ\u00f3mica ( poder en la sombra) permite <strong>la entrada<\/strong> ( por la puerta grande ) <strong>del \u00abISLAM\u00bb hasta el coraz\u00f3n de Espa\u00f1a con el benepl\u00e1cito de la CIA.<\/strong><\/h5>\n<h5 style=\"text-align: justify;\">La mejor forma de penetrar en el \u201ctejido social Espa\u00f1ol\u201d es sin duda a manos de \u201cEL CORTE INGL\u00c9S\u201d.<\/h5>\n<p style=\"text-align: justify;\"><a href=\"http:\/\/www.mil21.es\/noticia\/169\/claves\/la-cia-aprobo-la-inversion-de-1.000-millones-del-jeque-qatari-bin-al-thani-en-el-corte-ingles.html\" target=\"_blank\" rel=\"noopener\">http:\/\/www.mil21.es\/noticia\/169\/claves\/la-cia-aprobo-la-inversion-de-1.000-millones-del-jeque-qatari-bin-al-thani-en-el-corte-ingles.html<\/a><\/p>\n<p style=\"text-align: justify;\">Una de las <strong>empresas m\u00e1s representativas y con mayor influencia dentro del estado Espa\u00f1ol<\/strong>, ha vendido aproximadamente el <strong>10%<\/strong> de la compa\u00f1\u00eda a un <strong>jeque de CATAR.<\/strong><\/p>\n<p style=\"text-align: justify;\">La corporaci\u00f3n \u201c<strong>Ceslar\u201d,<\/strong> ( due\u00f1a del 10 % del capital de \u201cEl Corte Ingl\u00e9s\u201d ) que<strong> se opuso<\/strong> judicialmente a la <strong>entrada del jeque<\/strong>, fue <strong>fulminada del consejo<\/strong> de administraci\u00f3n de la compa\u00f1\u00eda.<br \/>\nSu infraestructura ( plazas en las mejores zonas del pa\u00eds ) de \u00a0empresa, as\u00ed como su enorme \u00ab<strong>PODER DE INFLUENCIA\u00bb<\/strong>\u00a0<strong>en la sociedad de consumo<\/strong>, es un <strong>ARMA<\/strong>\u00a0<strong>muy poderosa<\/strong>, un arma que poco a poco, ir\u00e1 a manos de los nuevos accionistas.<\/p>\n<p style=\"text-align: justify;\">No creo que haga falta deciros qui\u00e9n realizaba en mayor o menor medida las labores de \u201c<strong>GOOGLE, y FACEBOOK\u201d<\/strong>\u00a0en Espa\u00f1a antes de que estas hiciesen su entrada en el <strong>SISTEMA.<\/strong><\/p>\n<p style=\"text-align: justify;\"><strong>El SISTEMA<\/strong>, tiene tanta <strong>informaci\u00f3n sobre tu persona,<\/strong> que solo con pulsar una tecla puede predecir hasta en un <strong>90% <\/strong>tus h\u00e1bitos, gustos, y lo m\u00e1s importante \u201c<strong>tu nivel de peligrosidad \u201d.<\/strong><\/p>\n<p style=\"text-align: justify;\">Los <strong>INGENIEROS SOCIALES,<\/strong> realizan permanentes estudios sobre la poblaci\u00f3n, con el prop\u00f3sito de conseguir mantener a la \u201c<strong>MASA MULTICULTURAL\u201d<\/strong> ( <strong>plan Kalergi<\/strong> ) en un <strong>aparente \u00a0perfecto estado de equilibrio.<\/strong><\/p>\n<p style=\"text-align: justify;\"><strong>&#8211; \u00bf Qu\u00e9 co\u00f1o quieres decir?.<\/strong><\/p>\n<p style=\"text-align: justify;\">Te pongo un ejemplo:<\/p>\n<h5 style=\"text-align: justify;\">\u00bf A qui\u00e9n crees que dar\u00edan antes una ayuda social, a un delincuente marginal con brotes \u201cviolentos\u201d ya sea espa\u00f1ol o extranjero o a un pobre desempleado \u201csumiso\u201d?.<\/h5>\n<p style=\"text-align: justify;\">La respuesta es obvia, es preferible <strong>tener controlado<\/strong> en la medida de lo posible al potencial asesino, chorizo, o delincuente, antes que al trabajador que su conducta\u00a0<strong>ha sido moldeada<\/strong> en\u00a0<strong>empresas \u00a0100% \u00a0del sistema.<\/strong><\/p>\n<p style=\"text-align: justify;\">&#8211; Cierto es, que puede haber alg\u00fan caso aislado parecido al de la pel\u00edcula\u00a0<strong>\u201cun d\u00eda de furia\u201d<\/strong>.<\/p>\n<p><a href=\"https:\/\/www.elconfidencial.com\/espana\/2014-12-19\/estrellan-un-coche-contra-la-sede-del-pp-en-madrid-que-podria-tener-un-explosivo_596418\/\" target=\"_blank\" rel=\"noopener\">https:\/\/www.elconfidencial.com\/espana\/2014-12-19\/estrellan-un-coche-contra-la-sede-del-pp-en-madrid-que-podria-tener-un-explosivo_596418\/<\/a><\/p>\n<p style=\"text-align: justify;\"><strong>Esta es la raz\u00f3n principal por la que a ciertos colectivos les dan una \u00abAYUDA SOCIAL\u00bb de por vida.<\/strong> Es preferible<strong> tenerlos m\u00e1s o menos controlados<\/strong> d\u00e1ndoles una paga y una serie de privilegios, que descontrolados sin un m\u00e9todo de control. <strong>A ellos los controlan d\u00e1ndoles una paga y a ti te controlan a base de IMPUESTOS y TRABAJOS DE ESCLAVO.<\/strong><\/p>\n<p style=\"text-align: justify;\"><strong>T\u00fa, eres el \u00daNICO DESGRACIADO.<\/strong> Pasas m\u00e1s horas que un reloj en trabajos de mierda, para percibir un salario que en la mayor\u00eda de los casos es m\u00e1s bajo que la ayuda que se llevan \u201cALGUN@S\u201d, <strong>por tocarse los cojones o los ovarios.<\/strong><\/p>\n<p style=\"text-align: justify;\"><iframe loading=\"lazy\" src=\"https:\/\/www.youtube.com\/embed\/7HFufyejhCA?rel=0&amp;showinfo=0\" width=\"640\" height=\"360\" frameborder=\"0\" allowfullscreen=\"allowfullscreen\"><\/iframe><\/p>\n<p style=\"text-align: justify;\">Si esto te parece poco, tienes que saber que en muchos casos el obrero para poder mantener su trabajo de mierda, tiene que rebajarse, y <strong>chupar el culo ( BESO NEGRO ) a los enchufados de<\/strong> <strong>turno,<\/strong> para que estos encima se echen unas risas a costa de su pose servil.<\/p>\n<h5 style=\"text-align: justify;\">El ingeniero social CONOCE a la perfecci\u00f3n las 3 claves del desgraciado obrero:<\/h5>\n<p style=\"text-align: justify;\">&#8211; Es el \u201c<strong>PERFECTO SUMISO\u201d<\/strong>. Antes de hacer da\u00f1o a algui\u00e9n, como el caso del \u201c<strong>TIPO PELIGROSO<\/strong>\u201d, se lo infringe a el mismo.<br \/>\n&#8211; Se queda de \u201c<strong>BRAZOS CRUZADOS\u201d<\/strong> mientras observa estupefacto c\u00f3mo otros se gastan los ahorros de su pa\u00eds.<br \/>\n&#8211; Es <strong>muy sencillo distraerle<\/strong>, solo hay que darle \u201c<strong>futbol y m\u00e1s futbol.<\/strong><\/p>\n<p style=\"text-align: justify;\">Para aquellos que no est\u00e1n catalogados dentro de un nivel de peligrosidad como tal , pero que por su actitud y comportamiento anti-sistema podr\u00eda llegar a representar en un futuro a medio largo plazo incluso m\u00e1s peligro que los de car\u00e1cter peligrosos, se les desconectan del sistema autom\u00e1ticamente, <strong>cort\u00e1ndoles el suministro del DINERO.<\/strong><\/p>\n<h4>V\u00eddeo donde se exponen las VENTAJAS SOCIALES de unos pocos.<\/h4>\n<p style=\"text-align: justify;\"><iframe loading=\"lazy\" src=\"https:\/\/www.youtube.com\/embed\/oEFWbPPKxow?rel=0&amp;showinfo=0\" width=\"640\" height=\"360\" frameborder=\"0\" allowfullscreen=\"allowfullscreen\"><\/iframe><\/p>\n<p><a href=\"https:\/\/www.lacortedelingles.com\/blog\/cartel-letrado-refugiados\/\"><img loading=\"lazy\" decoding=\"async\" class=\"size-full wp-image-3490 aligncenter\" src=\"https:\/\/www.lacortedelingles.com\/blog\/wp-content\/uploads\/2017\/11\/cartel-letrado-refugiados.jpg\" alt=\"\" width=\"1984\" height=\"935\" srcset=\"https:\/\/www.lacortedelingles.com\/blog\/wp-content\/uploads\/2017\/11\/cartel-letrado-refugiados.jpg 1984w, https:\/\/www.lacortedelingles.com\/blog\/wp-content\/uploads\/2017\/11\/cartel-letrado-refugiados-300x141.jpg 300w, https:\/\/www.lacortedelingles.com\/blog\/wp-content\/uploads\/2017\/11\/cartel-letrado-refugiados-768x362.jpg 768w, https:\/\/www.lacortedelingles.com\/blog\/wp-content\/uploads\/2017\/11\/cartel-letrado-refugiados-1024x483.jpg 1024w\" sizes=\"auto, (max-width: 1984px) 100vw, 1984px\" \/><\/a><\/p>\n<p style=\"text-align: justify;\"><iframe loading=\"lazy\" src=\"https:\/\/www.youtube.com\/embed\/F2MjMlstCF0?rel=0&amp;showinfo=0\" width=\"640\" height=\"360\" frameborder=\"0\" allowfullscreen=\"allowfullscreen\"><\/iframe><\/p>\n<p>https:\/\/www.facebook.com\/HogarSocial1\/photos\/a.691191187632277.1073741829.680318305386232\/1457451167672938\/?type=3&#038;theater<\/p>\n<p><iframe loading=\"lazy\" src=\"\/\/rutube.ru\/play\/embed\/8062808\" width=\"640\" height=\"360\" frameborder=\"0\" allowfullscreen=\"allowfullscreen\"><\/iframe><\/p>\n<p style=\"text-align: justify;\">Para concluir esta primera an\u00e9cdota, os mostrar\u00e9 la carta que envi\u00e9 a la defensora del pueblo,\u00a0<strong>pidi\u00e9ndole una aclaraci\u00f3n sobre la DESCARADA diferencia econ\u00f3mica existente entre los subsidios de un ciudadano espa\u00f1ol, y los de ciertos ciudadanos Marroqu\u00edes que residen en nuestro pa\u00eds<\/strong>.<\/p>\n<p>&nbsp;<\/p>\n<p style=\"text-align: center;\"><strong>EXCMA DEFENSORA DEL PUEBLO SOLEDAD BECERRIL BUSTAMANTE.<\/strong><\/p>\n<p style=\"text-align: justify;\">Esta queja viene motivada por la <strong>manifiesta discriminaci\u00f3n a la hora de percibir la renta de garant\u00eda de ingresos ( RGI) en mi propio pa\u00eds, \u201cEspa\u00f1a\u201d<\/strong>. \u00bfA qu\u00e9 se debe esta discriminaci\u00f3n a la hora de percibir dicho subsidio?.<\/p>\n<p style=\"text-align: justify;\">Soy una persona de 42 a\u00f1os, con una minusval\u00eda del 37 %, sin empleo, y sin prestaci\u00f3n social alguna.<\/p>\n<p style=\"text-align: justify;\">Actualmente me encuentro empadronado en casa de una amiga debido a discrepancias familiares.<\/p>\n<p style=\"text-align: justify;\">La persona responsable de los servicios sociales me comunica que en caso de concederme el subsidio este ser\u00eda de 420 \u20ac, y que est\u00e1n tardando aproximadamente 4 meses en concederlo, que no pueden hacer nada ante la evidente desigualdad con respecto a otras personas y que si no estoy conforme que ponga una queja ante el defensor del pueblo.<\/p>\n<h5 style=\"text-align: justify;\">\u00bfC\u00f3mo es posible que a personas que vienen de otros pa\u00edses, se les asigne un subsidio dentro del ESTADO ESPA\u00d1OL de m\u00e1s de 800 euros, mientras a m\u00ed, CIUDADANO NACIDO EN ESPA\u00d1A solo me asignen 400 \u20ac ?<\/h5>\n<p style=\"text-align: justify;\">&#8211; <strong>Saib Lachhab<\/strong> cobraba, seg\u00fan fuentes policiales, <strong>625 euros<\/strong> de la Renta de Garant\u00eda de Ingresos (RGI) en vigor en el Pa\u00eds Vasco y <strong>250 euros<\/strong> por complemento de vivienda.<\/p>\n<p style=\"text-align: justify;\">&#8211; <strong>Samir Mahdjoub<\/strong> argelino de 44 a\u00f1os cobr\u00f3 <strong>650 euros<\/strong> de la RGI y <strong>250 de ayudas<\/strong> para la vivienda entre 2011 y 2013.<\/p>\n<p style=\"text-align: justify;\">&#8211; <strong>Redouan Bensbih<\/strong> marroqu\u00ed de 26 a\u00f1os, cobr\u00f3 ayudas sociales desde septiembre de 2009,concretamente <strong>836 euros<\/strong> de la RGI.<\/p>\n<p style=\"text-align: justify;\">&#8211; <strong>Ahmed Bourguerba<\/strong>, argelino de 31 a\u00f1os recibi\u00f3 <strong>625 euros m\u00e1s otros 250 euros complementarios<\/strong> para el alquiler de una vivienda en una ayuda que disfrut\u00f3 desde 2011, cuando ten\u00eda 26 a\u00f1os.<\/p>\n<p style=\"text-align: justify;\"><strong>Fuente de la informaci\u00f3n citada:<\/strong><\/p>\n<p style=\"text-align: justify;\"><a href=\"http:\/\/www.elconfidencial.com\/espana\/pais-vasco\/2017-02-19\/yihadismo-detenidos-radicalizacionayudas-publicas_1334511\/\" target=\"_blank\" rel=\"noopener\">http:\/\/www.elconfidencial.com\/espana\/pais-vasco\/2017-02-19\/yihadismo-detenidos-radicalizacionayudas-publicas_1334511\/<\/a><\/p>\n<p style=\"text-align: justify;\"><strong>Solicito por parte de usted , una explicaci\u00f3n ante semejante actuaci\u00f3n DISCRIMINATORIA.<\/strong><\/p>\n<p style=\"text-align: justify;\">Un saludo.<\/p>\n<p style=\"text-align: justify;\">Atentamente:<\/p>\n<p style=\"text-align: justify;\">David Gallego de la Fuente.<\/p>\n<p style=\"text-align: center;\"><strong>Aqu\u00ed ten\u00e9is SU RESPUESTA :<\/strong><\/p>\n<p style=\"text-align: justify;\"><strong>Estimado Sr.:<\/strong><\/p>\n<p style=\"text-align: justify;\">Esta instituci\u00f3n ha recibido su escrito, que fue registrado con el n\u00famero arriba indicado al que puede hacer referencia para una correcta identificaci\u00f3n de su expediente, en caso de dirigirse de nuevo por el mismo asunto.<\/p>\n<p style=\"text-align: justify;\">En el mismo muestra disconformidad con la informaci\u00f3n facilitada en los servicios sociales ya que le indican que, seg\u00fan sus circunstancias, le corresponder\u00eda menos cuant\u00eda de la Renta de Garant\u00eda de Ingresos en el caso de que la solicitara. Adem\u00e1s,indica que existe discriminaci\u00f3n respecto a los extranjeros, de los que refiere que se le conceden m\u00e1s ayudas.<\/p>\n<p style=\"text-align: justify;\">El Defensor del Pueblo tiene encomendada, por el art\u00edculo 54 de la Constituci\u00f3n y por la Ley Org\u00e1nica 3\/1981, de 6 de abril, la defensa de los derechos comprendidos en el T\u00edtulo I de la norma suprema y, a tal efecto, supervisa la actuaci\u00f3n de las administraciones p\u00fablicas para el esclarecimiento de sus actos y resoluciones, a la luz de lo dispuesto en el art\u00edculo 103.1 del texto constitucional.<\/p>\n<p style=\"text-align: justify;\"><strong>Esta instituci\u00f3n, aun comprendiendo su preocupaci\u00f3n, no puede intervenir al objeto de que se cambien las cuant\u00edas de las ayudas sociales previstas en las leyes vigentes.<\/strong> Debe adem\u00e1s tener en cuenta que esa cuant\u00eda puede varias en funci\u00f3n de las circunstancias de car\u00e1cter personal, familiar, econ\u00f3mico y social y lo que prevean las normas que las regulan.<\/p>\n<p style=\"text-align: justify;\">En cuanto a la discriminaci\u00f3n que refiere, el Tribunal Constitucional ha declarado en repetidas ocasiones que no puede hablarse de discriminaci\u00f3n o vulneraci\u00f3n del principio de igualdad, cuando las normas establecen tratamientos diferentes para situaciones que, objetivamente consideradas, resultan distintas, entendiendo que sevulnera el principio de igualdad \u00fanicamente cuando se da un trato distinto a situaciones id\u00e9nticas. Adem\u00e1s, su apreciaci\u00f3n se basa en percepciones subjetivas que pueden no corresponderse con la realidad o no tomar en consideraci\u00f3n todos los factores relevantes.<\/p>\n<p style=\"text-align: justify;\">Si solicita alguna ayuda y en <strong>el supuesto de que en la tramitaci\u00f3n oportunamente iniciada se produjeran <span style=\"color: #ff0000;\">demoras excesivas en la resoluci\u00f3n<\/span> o actuaciones administrativas contrarias a la legalidad vigente, puede dirigirse de nuevo al Defensor del Pueblo,<\/strong> citando siempre el n\u00famero de registro que se ha asignado a su escrito, y aportando cuantos datos y documentos obren en su poder que corroboren su pretensi\u00f3n, para poder valorar una posible intervenci\u00f3n.<\/p>\n<p style=\"text-align: justify;\">Le saluda muy atentamente,<\/p>\n<h5><strong>CONCLUSI\u00d3N \u00a0PERSONAL :\u00a0<\/strong><\/h5>\n<ul>\n<li>\n<h4>YA QUE NADIE ES CAPAZ DE DARME UNA RESPUESTA AL RESPECTO,ESTO DA LA SENSACI\u00d3N DE QUE SOLO AQUELLOS QUE SE \u00abRADICALIZAN\u00bb O SE HACEN \u00a0\u00abYIJADISTAS\u00bb,\u00a0<strong>TIENEN EL DERECHO EN ESPA\u00d1A<\/strong> A PERCIBIR UNA AYUDA SOCIAL DE<strong>\u00a0<span style=\"color: #ff0000;\">\u00ab900 EUROS\u00bb<\/span><\/strong>\u00a0, EL RESTO,LOS M\u00c1S PRINGAOS \u00abCON MUCHA SUERTE\u00bb,\u00a0<span style=\"color: #ff0000;\"><strong>\u00a0SE TENDR\u00c1N QUE CONFORMAR CON <\/strong><\/span>\u00ab<strong>400 EUROS\u00bb .<\/strong><\/h4>\n<\/li>\n<li><a href=\"http:\/\/www.elconfidencial.com\/espana\/pais-vasco\/2017-02-19\/yihadismo-detenidos-radicalizacionayudas-publicas_1334511\/\" target=\"_blank\" rel=\"noopener\">http:\/\/www.elconfidencial.com\/espana\/pais-vasco\/2017-02-19\/yihadismo-detenidos-radicalizacionayudas-publicas_1334511\/<\/a><\/li>\n<li><em>El\u00a0<b>yihadismo<\/b><sup id=\"cite_ref-2\" class=\"reference separada\"><\/sup>\u200b \u2014pronunciado con\u00a0h\u00a0aspirada\u2014 es un\u00a0neologismo\u00a0occidental utilizado para denominar a las ramas m\u00e1s violentas y radicales dentro del\u00a0islam pol\u00edtico\u00a0o\u00a0islamismo, estando caracterizadas por la frecuente y brutal utilizaci\u00f3n del\u00a0terrorismo, en nombre de una pretendida\u00a0yihad, a la cual sus seguidores llaman una <strong>\u00abguerra santa\u00bb<\/strong> en el nombre de\u00a0Al\u00e1.\u00a0<\/em><sup id=\"cite_ref-3\" class=\"reference separada\"><\/sup><sup id=\"cite_ref-4\" class=\"reference separada\"><\/sup><strong>Fuente:wikipedia.<\/strong><\/li>\n<\/ul>\n<p>&nbsp;<\/p>\n<p style=\"text-align: justify;\"><iframe loading=\"lazy\" src=\"https:\/\/www.youtube.com\/embed\/0vW0AEUFszo\" width=\"560\" height=\"315\" frameborder=\"0\" allowfullscreen=\"allowfullscreen\"><\/iframe><\/p>\n<ul>\n<li>Afortunada ser\u00e1s tu <strong>DESGRACIADA,<\/strong> que seguro tendr\u00e1s un <strong>trabajo de ENCHUFADA.<\/strong><\/li>\n<\/ul>\n<p><b>En breve, LA PR\u00d3XIMA 2\u00ba ANECDOTA DE:<\/b><\/p>\n<p>&nbsp;<\/p>\n","protected":false},"excerpt":{"rendered":"<p>En esta primera an\u00e9cdota detallar\u00e9 los \u201cOBST\u00c1CULOS\u201d a los que se ve SOMETIDO un \u201cciudadano ESPA\u00d1OL\u201d, a la hora de solicitar la \u201cRENTA M\u00cdNIMA DE INSERCI\u00d3N ( RMI )\u201d. Antes de empezar, aclaremos primero \u00a0que es: La Renta M\u00ednima de Inserci\u00f3n es una prestaci\u00f3n de naturaleza econ\u00f3mica, integrada por la suma de una prestaci\u00f3n mensual [&hellip;]<\/p>\n","protected":false},"author":1,"featured_media":0,"comment_status":"closed","ping_status":"closed","sticky":false,"template":"","format":"standard","meta":{"footnotes":""},"categories":[275],"tags":[],"class_list":["post-3362","post","type-post","status-publish","format-standard","hentry","category-politica"],"_links":{"self":[{"href":"https:\/\/www.lacortedelingles.com\/blog\/wp-json\/wp\/v2\/posts\/3362","targetHints":{"allow":["GET"]}}],"collection":[{"href":"https:\/\/www.lacortedelingles.com\/blog\/wp-json\/wp\/v2\/posts"}],"about":[{"href":"https:\/\/www.lacortedelingles.com\/blog\/wp-json\/wp\/v2\/types\/post"}],"author":[{"embeddable":true,"href":"https:\/\/www.lacortedelingles.com\/blog\/wp-json\/wp\/v2\/users\/1"}],"replies":[{"embeddable":true,"href":"https:\/\/www.lacortedelingles.com\/blog\/wp-json\/wp\/v2\/comments?post=3362"}],"version-history":[{"count":3,"href":"https:\/\/www.lacortedelingles.com\/blog\/wp-json\/wp\/v2\/posts\/3362\/revisions"}],"predecessor-version":[{"id":3506,"href":"https:\/\/www.lacortedelingles.com\/blog\/wp-json\/wp\/v2\/posts\/3362\/revisions\/3506"}],"wp:attachment":[{"href":"https:\/\/www.lacortedelingles.com\/blog\/wp-json\/wp\/v2\/media?parent=3362"}],"wp:term":[{"taxonomy":"category","embeddable":true,"href":"https:\/\/www.lacortedelingles.com\/blog\/wp-json\/wp\/v2\/categories?post=3362"},{"taxonomy":"post_tag","embeddable":true,"href":"https:\/\/www.lacortedelingles.com\/blog\/wp-json\/wp\/v2\/tags?post=3362"}],"curies":[{"name":"wp","href":"https:\/\/api.w.org\/{rel}","templated":true}]}}