{"id":3391,"date":"2017-10-06T15:30:30","date_gmt":"2017-10-06T13:30:30","guid":{"rendered":"https:\/\/www.lacortedelingles.com\/blog\/?p=3391"},"modified":"2018-05-30T11:44:06","modified_gmt":"2018-05-30T09:44:06","slug":"poder-oculta-verdadero-objetivo-los-ojos-la-masa","status":"publish","type":"post","link":"https:\/\/www.lacortedelingles.com\/blog\/poder-oculta-verdadero-objetivo-los-ojos-la-masa\/","title":{"rendered":"El  poder oculta su verdadero objetivo a los ojos de la masa."},"content":{"rendered":"<p style=\"text-align: justify;\"><iframe loading=\"lazy\" src=\"https:\/\/www.youtube.com\/embed\/1xvP2AXbDXQ?rel=0&amp;showinfo=0\" width=\"560\" height=\"315\" frameborder=\"0\" allowfullscreen=\"allowfullscreen\"><\/iframe><\/p>\n<p style=\"text-align: justify;\">Lo ocurrido en <strong>Catalu\u00f1a<\/strong> ha supuesto un antes y un despu\u00e9s en la sociedad Espa\u00f1ola.<\/p>\n<p style=\"text-align: justify;\">\u00bfQui\u00e9nes han sido los <strong>\u201cRESPONSABLES\u201d<\/strong> de mandar a una parte de la poblaci\u00f3n ( <strong>ancianos, padres y ni\u00f1os<\/strong> ) a proteger unas urnas, sabiendo que los <strong>\u201cDIRIGENTES\u201d<\/strong> de la parte contraria mandar\u00edan a un <strong>ej\u00e9rcito de porras<\/strong> para impedirlo?<\/p>\n<p style=\"text-align: justify;\"><strong>\u00bfC\u00f3mo han sufrido las partes\u00a0 su \u201csentimiento de abandono\u201d?.<\/strong><\/p>\n<p style=\"text-align: justify;\"><a href=\"https:\/\/lamenteesmaravillosa.com\/abandono-la-herida-mas-perdura\" target=\"_blank\" rel=\"noopener\">https:\/\/lamenteesmaravillosa.com\/abandono-la-herida-mas-perdura<\/a><\/p>\n<p style=\"text-align: center;\"><strong>\u00c9lite<\/strong> del BANDO\u00a0<img loading=\"lazy\" decoding=\"async\" class=\"wp-image-3397 aligncenter\" src=\"https:\/\/www.lacortedelingles.com\/blog\/wp-content\/uploads\/2017\/10\/2.gif\" alt=\"\" width=\"219\" height=\"159\" \/><\/p>\n<p>https:\/\/intereconomia.com\/economia\/politica\/fin-del-secreto-bancario-andorra-detras-del-proces-20171003-1429\/<\/p>\n<p style=\"text-align: center;\"><strong>Consecuencias para el pueblo del bando Rojo:<\/strong><\/p>\n<p style=\"text-align: justify;\"><strong>Abuelos, padres y ni\u00f1os<\/strong> fueron v\u00edctimas de los cuerpos de seguridad del estado. Sus <strong>\u201cdirigentes Catalanes\u201d<\/strong> aprovecharon su <strong>sentimiento independentista<\/strong> para usarlos de muro de contenci\u00f3n ante las porras.<\/p>\n<p style=\"text-align: justify;\"><iframe loading=\"lazy\" src=\"https:\/\/www.youtube.com\/embed\/bBUJNbLa4ko\" width=\"560\" height=\"315\" frameborder=\"0\" allowfullscreen=\"allowfullscreen\"><\/iframe><\/p>\n<p style=\"text-align: center;\"><strong>\u00c9lite<\/strong> del BANDO\u00a0<img loading=\"lazy\" decoding=\"async\" class=\"wp-image-3398 aligncenter\" src=\"https:\/\/www.lacortedelingles.com\/blog\/wp-content\/uploads\/2017\/10\/1.gif\" alt=\"\" width=\"222\" height=\"161\" \/><\/p>\n<p style=\"text-align: center;\"><a href=\"http:\/\/www.elnacional.cat\/es\/economia\/banco-espana-dinero-publico-perdido_166716_102.html\" target=\"_blank\" rel=\"noopener\">http:\/\/www.elnacional.cat\/es\/economia\/banco-espana-dinero-publico-perdido_166716_102.html<\/a><\/p>\n<p style=\"text-align: center;\"><strong>Consecuencias para el pueblo del bando Negro:<\/strong><\/p>\n<p style=\"text-align: justify;\">Aquellos que<strong> no se dejaron guiar por el sentimiento independentista<\/strong>, fueron testigos de la <strong>falta de iniciativa a la hora de poner freno a la situaci\u00f3n<\/strong>. Dentro de este grupo, tambi\u00e9n se encuentran los <strong>\u201ccuerpos y fuerzas de seguridad\u201d<\/strong> que participaron en el d\u00eda del refer\u00e9ndum.<\/p>\n<p style=\"text-align: justify;\">Una <strong>respuesta \u201cEMOTIVA\u201d<\/strong> de <strong>corte futbol\u00edstico<\/strong> motivada por el <strong>abandono<\/strong> (desde mi punto de vista\u00a0<strong>desacertada<\/strong>\u00a0 debido a la atm\u00f3sfera del lugar ) hacia los <strong>cuerpos y fuerzas de seguridad<\/strong>\u00a0 fue:<\/p>\n<p style=\"text-align: justify;\"><iframe loading=\"lazy\" src=\"https:\/\/www.youtube.com\/embed\/TuINpuL_tYg\" width=\"560\" height=\"315\" frameborder=\"0\" allowfullscreen=\"allowfullscreen\"><\/iframe><\/p>\n<p style=\"text-align: justify;\"><iframe loading=\"lazy\" src=\"https:\/\/www.youtube.com\/embed\/LlYd0RTDPJE\" width=\"560\" height=\"315\" frameborder=\"0\" allowfullscreen=\"allowfullscreen\"><\/iframe><\/p>\n<p style=\"text-align: justify;\"><a href=\"http:\/\/blogs.noticiasdenavarra.com\/en-torno-al-psicoanalisis\/2009\/02\/11\/trauma-y-desamparo\/\" target=\"_blank\" rel=\"noopener\">http:\/\/blogs.noticiasdenavarra.com\/en-torno-al-psicoanalisis\/2009\/02\/11\/trauma-y-desamparo\/<\/a><\/p>\n<p style=\"text-align: justify;\"><strong>En teor\u00eda<\/strong>, los m\u00e1ximos <strong>responsables de uno y otro bando<\/strong>, tuvieron que ser <strong>conscientes en todo momento de la manipulaci\u00f3n de los sentimientos de cada una de las partes.<\/strong><\/p>\n<ul>\n<li style=\"text-align: justify;\">Quienes han provocado (<strong>responsables de ambas partes<\/strong>) esta <strong>atm\u00f3sfera de odio, ira, rabia e impotencia<\/strong> son aut\u00e9nticos <strong>\u201cMagos negros\u201d<\/strong>.<br \/>\n&#8211; Ellos dise\u00f1aron <strong>el \u201cplan\u201d<\/strong> para jugar con los <strong>sentimientos de la MASA<\/strong>.<\/li>\n<\/ul>\n<h5 style=\"text-align: justify;\"><strong>\u00bfQui\u00e9nes son ellos?<\/strong><\/h5>\n<ul>\n<li style=\"text-align: justify;\"><strong>Entidades \u201cMATERIALISTAS\u201d<\/strong> de uno y otro bando que llenan sus est\u00f3magos con men\u00fas de m\u00e1s de \u201c300 euros\u201d, mientras una gran parte de la poblaci\u00f3n se muere de asco.<\/li>\n<li style=\"text-align: justify;\">Los que <strong>viven a costa del obrero.<\/strong><\/li>\n<li style=\"text-align: justify;\">Los que <strong>utilizan el sentimiento de una masa manipulada<\/strong> para lograr sus propios objetivos.<\/li>\n<\/ul>\n<p>&nbsp;<\/p>\n<h5 style=\"text-align: justify;\">\u00bfQui\u00e9n o qui\u00e9nes alimentan su EGREGOR?<\/h5>\n<p style=\"text-align: justify;\"><em>Egregor es un concepto propio del ocultismo que viene a representar una \u201c<strong>forma de pensamiento\u201d o \u201cmente colectiva de grupo\u201d,<\/strong> esto es, una <strong>entidad ps\u00edquica aut\u00f3noma capaz de influir en los pensamientos de un grupo de personas.<\/strong><\/em><\/p>\n<ul>\n<li style=\"text-align: justify;\">Las <strong>mentes en sinton\u00eda<\/strong> de <strong>ira, odio y rabia<\/strong>.<\/li>\n<\/ul>\n<h5 style=\"text-align: justify;\">\u00bfQui\u00e9n o qui\u00e9nes son capaces de frenarlo?<\/h5>\n<ul>\n<li style=\"text-align: justify;\">Las<strong> mentes en sinton\u00eda<\/strong> por el <strong>dialogo<\/strong>, la <strong>paz,<\/strong> la <strong>armon\u00eda<\/strong> y la <strong>sana convivencia<\/strong>.<\/li>\n<\/ul>\n<h5>El CAOS es la fuente del egregor.<\/h5>\n<p style=\"text-align: justify;\">Por un lado, sirve para <strong>alimentar las energ\u00edas vitales de la orden<\/strong> ( aquella que est\u00e1 por encima de ambos bandos) y de otro, sirve de <strong>caldo de cultivo para imponer a corto- medio plazo los \u201cRECORTES de la TROIKA\u201d.<\/strong><\/p>\n<p style=\"text-align: justify;\"><strong>El pueblo debe INTENTAR que los \u201cilluminati\u201d, NO dirijan a la poblaci\u00f3n hacia un enfrentamiento total.<\/strong> Para ello, el conjunto de la sociedad deber\u00eda promover nuevamente las<strong> marchas por \u201cLA DIGNIDAD\u201d.<\/strong> De no ser as\u00ed, iremos directos al sendero de la autodestrucci\u00f3n.<\/p>\n<p style=\"text-align: justify;\"><strong>S\u00f3lo el pueblo tiene la posibilidad de poder revertir la situaci\u00f3n.<\/strong> Un pueblo \u201cINTELIGENTE\u201d es aquel capaz de demostrar a los pol\u00edticos que s\u00f3lo desde el \u201cdi\u00e1logo y la comprensi\u00f3n\u201d es posible hacer una pol\u00edtica constructiva basada en el \u201crespeto al pr\u00f3jimo\u201d.<\/p>\n<p><strong>De la Fuente.<\/strong><\/p>\n","protected":false},"excerpt":{"rendered":"<p>Lo ocurrido en Catalu\u00f1a ha supuesto un antes y un despu\u00e9s en la sociedad Espa\u00f1ola. \u00bfQui\u00e9nes han sido los \u201cRESPONSABLES\u201d de mandar a una parte de la poblaci\u00f3n ( ancianos, padres y ni\u00f1os ) a proteger unas urnas, sabiendo que los \u201cDIRIGENTES\u201d de la parte contraria mandar\u00edan a un ej\u00e9rcito de porras para impedirlo? \u00bfC\u00f3mo [&hellip;]<\/p>\n","protected":false},"author":1,"featured_media":0,"comment_status":"closed","ping_status":"closed","sticky":false,"template":"","format":"standard","meta":{"footnotes":""},"categories":[21],"tags":[276],"class_list":["post-3391","post","type-post","status-publish","format-standard","hentry","category-psicologia","tag-manipulacion-de-masas"],"_links":{"self":[{"href":"https:\/\/www.lacortedelingles.com\/blog\/wp-json\/wp\/v2\/posts\/3391","targetHints":{"allow":["GET"]}}],"collection":[{"href":"https:\/\/www.lacortedelingles.com\/blog\/wp-json\/wp\/v2\/posts"}],"about":[{"href":"https:\/\/www.lacortedelingles.com\/blog\/wp-json\/wp\/v2\/types\/post"}],"author":[{"embeddable":true,"href":"https:\/\/www.lacortedelingles.com\/blog\/wp-json\/wp\/v2\/users\/1"}],"replies":[{"embeddable":true,"href":"https:\/\/www.lacortedelingles.com\/blog\/wp-json\/wp\/v2\/comments?post=3391"}],"version-history":[{"count":20,"href":"https:\/\/www.lacortedelingles.com\/blog\/wp-json\/wp\/v2\/posts\/3391\/revisions"}],"predecessor-version":[{"id":3413,"href":"https:\/\/www.lacortedelingles.com\/blog\/wp-json\/wp\/v2\/posts\/3391\/revisions\/3413"}],"wp:attachment":[{"href":"https:\/\/www.lacortedelingles.com\/blog\/wp-json\/wp\/v2\/media?parent=3391"}],"wp:term":[{"taxonomy":"category","embeddable":true,"href":"https:\/\/www.lacortedelingles.com\/blog\/wp-json\/wp\/v2\/categories?post=3391"},{"taxonomy":"post_tag","embeddable":true,"href":"https:\/\/www.lacortedelingles.com\/blog\/wp-json\/wp\/v2\/tags?post=3391"}],"curies":[{"name":"wp","href":"https:\/\/api.w.org\/{rel}","templated":true}]}}