{"id":3421,"date":"2017-10-13T00:51:20","date_gmt":"2017-10-12T22:51:20","guid":{"rendered":"https:\/\/www.lacortedelingles.com\/blog\/?p=3421"},"modified":"2018-05-30T11:42:37","modified_gmt":"2018-05-30T09:42:37","slug":"el-poder-de-la-distraccion","status":"publish","type":"post","link":"https:\/\/www.lacortedelingles.com\/blog\/el-poder-de-la-distraccion\/","title":{"rendered":"El poder de la DISTRACCI\u00d3N."},"content":{"rendered":"<p><iframe loading=\"lazy\" src=\"https:\/\/www.youtube.com\/embed\/64shFzfOQPo\" width=\"560\" height=\"315\" frameborder=\"0\" allowfullscreen=\"allowfullscreen\"><\/iframe><\/p>\n<h5><em>Los labios de la sabidur\u00eda permanecen cerrados<\/em>,\u00a0<em>excepto para el o\u00eddo capaz de comprender<\/em>.<\/h5>\n<p style=\"text-align: justify;\">La consolidaci\u00f3n de <strong>una alianza<\/strong> entre Alemania, Austria e Italia frente a Francia por el <strong>disputado territorio<\/strong> de Alsacia \u2013Lorena, condujo a esta \u00faltima a <strong>aliarse con Rusia<\/strong>. Esto supuso <strong>un duro rev\u00e9s<\/strong> para la triple alianza de Bismarck. El hombre al que se consider\u00f3 culpable, al menos en parte, de este debacle fue <strong>el secretario de Estado<\/strong> bajo el papa Le\u00f3n XIII: <strong>el cardenal Rampolla.<\/strong><\/p>\n<p style=\"text-align: justify;\">El pacto de Rusia con Francia frente a la triple alianza de Alemania se consider\u00f3 un <strong>rev\u00e9s para el Vaticano.<\/strong><\/p>\n<p style=\"text-align: justify;\"><strong>\u00bf Exist\u00eda en ese momento una influencia mas\u00f3nica tras el pacto Franco \u2013Ruso contra la triple alianza alemana?.<\/strong><\/p>\n<p style=\"text-align: justify;\">Las intrigas de Rampolla contra los austriacos a favor de los franceses habr\u00edan causado cierta preocupaci\u00f3n en la mente de Francisco Jos\u00e9, ya que de ese modo tendr\u00eda un enemigo en el trono de San Pedro. El emperador se acogi\u00f3 al <strong>derecho de Exclusi\u00f3n.<\/strong><\/p>\n<p style=\"text-align: justify;\"><strong>Mose\u00f1or<\/strong> Jouin, habr\u00eda descubierto evidencias de que el <strong>cardenal Rampolla<\/strong> era en realidad <strong>francmas\u00f3n<\/strong> y que se hab\u00eda <strong>iniciado en la francmasoner\u00eda durante su estancia en Madrid.<\/strong><br \/>\nLos informes publicados a comienzos del siglo XX parecen indicar que el cardenal Rampolla no s\u00f3lo fue mas\u00f3n, sino que tambi\u00e9n perteneci\u00f3 a una de las sociedades ocultistas m\u00e1s importantes del siglo: <strong>la todopoderosa OTO<\/strong>, de <a href=\"https:\/\/www.lacortedelingles.com\/cortedelingles-crowley.html\" target=\"_blank\" rel=\"noopener\">Aleister Crowley.<\/a><\/p>\n<p style=\"text-align: justify;\">Una de las primeras publicaciones de la OTO <strong>el Oriflamme<\/strong>, publicado por Theodor Reuss, uno de los fundadores de la orden \u2013 daba una lista de las organizaciones e individuos que se consideraban miembros de la OTO. Entre ellas estaba el propio cardenal Rampolla, citado como <strong>iniciado de la gran logia Catalano \u2013 Balear, con sede en Barcelona<\/strong>: un <strong>movimiento pol\u00edtico e incluso anticlerical que apoy\u00f3 el nacionalismo catal\u00e1n.<\/strong><\/p>\n<p style=\"text-align: justify;\"><strong>Rampolla estaba luchando no s\u00f3lo a favor de la independencia catalana, sino tambi\u00e9n a favor de una agenda pol\u00edtica mas\u00f3nica en general.<\/strong><\/p>\n<p style=\"text-align: justify;\">Su inclinaci\u00f3n hacia Francia ya era bien conocida; al fin y al cabo, se le acusaba de la formaci\u00f3n de una alianza Franco-Rusa contra la triple Alianza de Alemania, Austria e Italia.<\/p>\n<p style=\"text-align: justify;\"><strong>Adem\u00e1s ten\u00eda simpat\u00eda por los pa\u00edses del este Europa<\/strong>, y hubo una rama de la OTO que se desarroll\u00f3 espec\u00edficamente para desarrollar las regiones eslavas en 1910- 1911.<\/p>\n<p style=\"text-align: justify;\"><strong>Fuente:<\/strong> El grimorio del Papa Honorio III y pr\u00e1cticas ocultas en el seno del catolicismo.<br \/>\n<strong>Editorial:<\/strong> Edaf.<\/p>\n<p><a href=\"https:\/\/www.lacortedelingles.com\/blog\/la-reina-del-orgullo\/letra-papyrus\/\" rel=\"attachment wp-att-2839\"><img loading=\"lazy\" decoding=\"async\" class=\"wp-image-2839 aligncenter\" src=\"https:\/\/www.lacortedelingles.com\/blog\/wp-content\/uploads\/2017\/07\/letra-papyrus.jpg\" alt=\"\" width=\"269\" height=\"74\" \/><\/a><\/p>\n","protected":false},"excerpt":{"rendered":"<p>Los labios de la sabidur\u00eda permanecen cerrados,\u00a0excepto para el o\u00eddo capaz de comprender. La consolidaci\u00f3n de una alianza entre Alemania, Austria e Italia frente a Francia por el disputado territorio de Alsacia \u2013Lorena, condujo a esta \u00faltima a aliarse con Rusia. Esto supuso un duro rev\u00e9s para la triple alianza de Bismarck. El hombre al [&hellip;]<\/p>\n","protected":false},"author":1,"featured_media":0,"comment_status":"closed","ping_status":"closed","sticky":false,"template":"","format":"standard","meta":{"footnotes":""},"categories":[16],"tags":[206],"class_list":["post-3421","post","type-post","status-publish","format-standard","hentry","category-sociedades","tag-logias"],"_links":{"self":[{"href":"https:\/\/www.lacortedelingles.com\/blog\/wp-json\/wp\/v2\/posts\/3421","targetHints":{"allow":["GET"]}}],"collection":[{"href":"https:\/\/www.lacortedelingles.com\/blog\/wp-json\/wp\/v2\/posts"}],"about":[{"href":"https:\/\/www.lacortedelingles.com\/blog\/wp-json\/wp\/v2\/types\/post"}],"author":[{"embeddable":true,"href":"https:\/\/www.lacortedelingles.com\/blog\/wp-json\/wp\/v2\/users\/1"}],"replies":[{"embeddable":true,"href":"https:\/\/www.lacortedelingles.com\/blog\/wp-json\/wp\/v2\/comments?post=3421"}],"version-history":[{"count":4,"href":"https:\/\/www.lacortedelingles.com\/blog\/wp-json\/wp\/v2\/posts\/3421\/revisions"}],"predecessor-version":[{"id":3425,"href":"https:\/\/www.lacortedelingles.com\/blog\/wp-json\/wp\/v2\/posts\/3421\/revisions\/3425"}],"wp:attachment":[{"href":"https:\/\/www.lacortedelingles.com\/blog\/wp-json\/wp\/v2\/media?parent=3421"}],"wp:term":[{"taxonomy":"category","embeddable":true,"href":"https:\/\/www.lacortedelingles.com\/blog\/wp-json\/wp\/v2\/categories?post=3421"},{"taxonomy":"post_tag","embeddable":true,"href":"https:\/\/www.lacortedelingles.com\/blog\/wp-json\/wp\/v2\/tags?post=3421"}],"curies":[{"name":"wp","href":"https:\/\/api.w.org\/{rel}","templated":true}]}}