{"id":3631,"date":"2018-04-21T20:14:24","date_gmt":"2018-04-21T18:14:24","guid":{"rendered":"https:\/\/www.lacortedelingles.com\/blog\/?p=3631"},"modified":"2018-04-21T20:14:56","modified_gmt":"2018-04-21T18:14:56","slug":"facebook-bloquea-la-cuenta-de-la-corte-del-ingles","status":"publish","type":"post","link":"https:\/\/www.lacortedelingles.com\/blog\/facebook-bloquea-la-cuenta-de-la-corte-del-ingles\/","title":{"rendered":"Facebook bloquea la cuenta de La Corte del Ingl\u00e9s."},"content":{"rendered":"<p><iframe loading=\"lazy\" src=\"https:\/\/www.youtube.com\/embed\/qaY9ijdcibU?rel=0&amp;showinfo=0\" width=\"560\" height=\"315\" frameborder=\"0\" allowfullscreen=\"allowfullscreen\"><\/iframe><\/p>\n<p><strong>Facebook<\/strong> ha bloqueado la cuenta de la marca <strong>La Corte del Ingl\u00e9s.<\/strong> Lo ha hecho bajo la cobertura que le brinda su propio m\u00e9todo de <strong>autentificaci\u00f3n.<\/strong> Decid\u00ed utilizar esta segunda autentificaci\u00f3n debido a los crackeos que sufr\u00eda en la cuenta.<\/p>\n<h5><strong>De esta sutil forma, Facebook consigue dejar la cuenta inutilizada.<\/strong><\/h5>\n<p><strong>\u00bf C\u00f3mo y cu\u00e1ndo se produce el bloqueo ?.<\/strong><\/p>\n<p>El bloqueo se produce al poco tiempo de comenzar con la <strong>ESTRATEGIA DE MARKETING DIGITAL<\/strong>. Unas simples <strong>llamadas a la acci\u00f3n<\/strong> ( comentarios en nombre de la marca La Corte del Ingl\u00e9s en las p\u00e1ginas de facebook de <strong>AMAZON<\/strong> y\u00a0 <strong>RUSIA TODAY<\/strong> ) fue quiz\u00e1s lo que motiv\u00f3 el bloqueo. Al intentar acceder de nuevo a la cuenta, esta <strong>dej\u00f3 de enviar al tel\u00e9fono el c\u00f3digo de seguridad de autentificaci\u00f3n.<\/strong><\/p>\n<h5>\u00bfQu\u00e9 entiende la Ley por MARCA?<\/h5>\n<p>El <strong>art. 4<\/strong> entiende por marca\u00a0\u2018todo signo susceptible de representaci\u00f3n gr\u00e1fica que sirva para distinguir en el mercado los productos o servicios de una empresa de los de otras\u2019.<br \/>\nAs\u00ed pues, una vez que se procede al v\u00e1lido registro de estos signos, se adquiere el derecho de propiedad sobre la marca y los nombres comerciales. Pero, \u00bfqui\u00e9n est\u00e1 legitimado para adquirir este derecho? La respuesta la encontramos en el <strong>art. 3,<\/strong> que establece que el registro de marcas podr\u00e1 ser efectuado por\u00a0\u2018las personas naturales o jur\u00eddicas de nacionalidad espa\u00f1ola y las personas naturales o jur\u00eddicas extranjeras que residan habitualmente o tengan un establecimiento industrial o comercial efectivo y serio en territorio espa\u00f1ol o que gocen de los beneficios del Convenio de la Uni\u00f3n de Par\u00eds para la <strong>Protecci\u00f3n de la Propiedad Industrial de 20 de marzo de 1883<\/strong> (\u2026), \u201cConvenio de Par\u00eds\u201d, as\u00ed como los nacionales de los miembros de la Organizaci\u00f3n Mundial del Comercio\u2019.<\/p>\n<p>Fuente:<br \/>\nhttp:\/\/euriux-abogados.com\/aspectos-legales-marca\/<\/p>\n<p><strong>La marca es el intangible m\u00e1s importante de la empresa.<\/strong> La marca es <strong>lo que queda en la mente de los consumidores<\/strong> cuando ya se han consumido los productos. La importancia de la marca est\u00e1 en <strong>dejar una huella indeleble en la cabeza de los clientes,<\/strong> una huella que sea inconfundible, una huella memorable, que permita volver a consumir una y otra vez los productos que vende gracias a la diferenciaci\u00f3n que consigue con respecto a sus competidores<\/p>\n<p>La importancia de la marca tambi\u00e9n est\u00e1 en la <strong>generaci\u00f3n de confianza.<\/strong> Los clientes compran un producto por la confianza que tienen de que ser\u00e1 la mejor opci\u00f3n para resolver su necesidad.<\/p>\n<p>Una buena marca es aquella que ofrece una<strong> imagen \u00fanica,<\/strong> transmite <strong>unos valores inconfundibles y genera una vinculaci\u00f3n emocional<\/strong> con su cliente.<\/p>\n<p>Fuente:<br \/>\nhttps:\/\/ignaciojaen.es\/la-importancia-de-la-marca-en-el-desarrollo-del-negocio\/<\/p>\n<p><strong>La Corte del Ingl\u00e9s es una marca registrada.<\/strong> Su registro estuvo marcado por la dura oposici\u00f3n (oposici\u00f3n y recurso de alzada) llevada a cabo por la mercantil <strong>El Corte Ingl\u00e9s<\/strong> en la oficina espa\u00f1ola de patentes y marcas. No conforme con la resoluci\u00f3n de la oficina,y sabiendo que el titular de la marca es una persona discapacitada,sin trabajo,y sin recursos, la mercantil interpone una <strong>DEMANDA JUDICIAL<\/strong> ante el <strong>TRIBUNAL SUPERIOR DE JUSTICIA DE MADRID<\/strong> para intentar frenar su registro. Para rizar m\u00e1s el rizo, LA <strong>JUSTICIA GRATUITA ESPA\u00d1OLA<\/strong> asigna un LETRADO ( NUEVE REINAS ) de marcado acento argentino para la defensa de la marca <strong>La Corte del Ingl\u00e9s<\/strong>, ante <strong>El Corte Ingl\u00e9s.<\/strong> Este letrado en lugar de defender los intereses de la marca,fue en contra de ellos. Por si no ten\u00eda suficiente, <strong>GOOGLE<\/strong> ( su director <a href=\"http:\/\/www.eleconomista.es\/tecnologia\/noticias\/7803875\/09\/16\/Javier-Rodriguez-Zapatero-deja-Google-Espana-para-presidir-la-escuela-de-negocios-ISDI.html\" target=\"_blank\" rel=\"noopener\">Jose Luis Rodriguez Zapatero abandona Google<\/a> en la misma fecha donde se produce la rectificaci\u00f3n del t\u00edtulo de la web ) quita de sus resultados m\u00f3viles el <strong>art\u00edculo FEMENINO \u201cLA\u201d<\/strong> y deja solamente las palabras <strong>\u201cCorte del Ingl\u00e9s\u201d<\/strong> en el periodo del proceso judicial iniciado por la mercantil\u00a0 <strong>El Corte Ingl\u00e9s<\/strong> contra el registro de marca <strong>La Corte del Ingl\u00e9s.<\/strong><\/p>\n<h5>\u00bfAcaso La Corte del Ingl\u00e9s\u00a0 muestra alg\u00fan tipo de CONTENIDO PORNO, o VIOLENTO que pudiese herir la sensibilidad del internauta?.<\/h5>\n<p>Deber\u00edan de saber ustedes que poner este tipo de contenido en el blog, resultar\u00eda muy sencillo. Solo har\u00eda falta seleccionar unos cuantos v\u00eddeos en <strong>XVIDEOS o REDTUBE<\/strong> e incrustar su c\u00f3digo html en la web o blog.<\/p>\n<p>En el art\u00edculo anterior expliqu\u00e9 los motivos por los cuales <strong>NUNCA pondr\u00eda un contenido de esas caracter\u00edsticas.<\/strong> A parte de la baja vibraci\u00f3n desprendida por el visionado de un acto de<strong> puro vicio carnal<\/strong>,esos v\u00eddeos podr\u00edan llegar a perjudicar a los m\u00e1s indefensos,<strong>los ni\u00f1os.<\/strong><\/p>\n<h5>\u00bfQu\u00e9 contenido se muestra en la web de La Corte del Ingl\u00e9s?.<\/h5>\n<p>Muestro <strong>mis cuadros<\/strong> en diferentes secciones de la web, hablo de<strong> psicolog\u00eda,<\/strong> y <strong>sociolog\u00eda,<\/strong> a la par que os comento los <strong>problemas t\u00e9cnicos inform\u00e1ticos<\/strong> que van surgiendo, os explico la <strong>batalla judicial<\/strong> contra las empresas <strong>El Corte Ingl\u00e9s, y Google,<\/strong> se habla un poco de <strong>marketing y publicidad<\/strong> al ser La Corte del Ingl\u00e9s una <strong>MARCA REGISTRADA<\/strong> y por \u00faltimo, y no por ello menos importante, os hablo de <strong>conspiraci\u00f3n<\/strong>, al tiempo que intento descubrir el camino que lleva hacia la <strong>verdadera iluminaci\u00f3n.<\/strong><\/p>\n<p>La marca <strong>La Corte del ingl\u00e9s<\/strong> representa un <strong>gran VALOR ESPIRITUAL<\/strong>. En cuanto a <strong>su valor material<\/strong>,este ir\u00eda asociado en mayor o menor medida a la <strong>CAPACIDAD ( INTELIGENCIA y RECURSOS )<\/strong> de poder desarrollar una <strong>CAMPA\u00d1A PUBLICITARIA LO SUFICIENTEMENTE POTENTE como para provocar un GOLPE DE EFECTO capaz de mover los cimientos de determinadas estructuras mentales.<\/strong><\/p>\n<h5>\u00bfEl bloqueo en FACEBOOK ( Facebook, instagram y whatsapp) te impide desempe\u00f1ar el trabajo de SOCIAL MEDIA?.<\/h5>\n<p>En gran medida <strong>Si.<\/strong> Por este motivo,si en un breve espacio de tiempo compruebo que es imposible realizar cualquier tipo de actividad en las redes sociales, no tendr\u00e9 otra opci\u00f3n que pasar directamente a la <strong>siguiente fase.<\/strong><\/p>\n<h5>\u00bfEn que consistir\u00e1 esa nueva fase?.<\/h5>\n<p>Esta fase se traduce en unos <strong>\u201cTRABAJOS DE FIN DE MASTER SOBRE ESTRATEGIA E INTELIGENCIA\u201d<\/strong> cargados de <strong>CREATIVIDAD,<\/strong> y dirigidos exclusivamente a destacadas personalidades tanto del <strong>Este<\/strong> como del <strong>Oeste.<\/strong><\/p>\n<p><img loading=\"lazy\" decoding=\"async\" class=\" wp-image-3472 aligncenter\" src=\"https:\/\/www.lacortedelingles.com\/blog\/wp-content\/uploads\/2017\/10\/la-corte.png\" alt=\"\" width=\"391\" height=\"90\" srcset=\"https:\/\/www.lacortedelingles.com\/blog\/wp-content\/uploads\/2017\/10\/la-corte.png 1348w, https:\/\/www.lacortedelingles.com\/blog\/wp-content\/uploads\/2017\/10\/la-corte-300x69.png 300w, https:\/\/www.lacortedelingles.com\/blog\/wp-content\/uploads\/2017\/10\/la-corte-768x177.png 768w, https:\/\/www.lacortedelingles.com\/blog\/wp-content\/uploads\/2017\/10\/la-corte-1024x235.png 1024w\" sizes=\"auto, (max-width: 391px) 100vw, 391px\" \/><\/p>\n","protected":false},"excerpt":{"rendered":"<p>Facebook ha bloqueado la cuenta de la marca La Corte del Ingl\u00e9s. Lo ha hecho bajo la cobertura que le brinda su propio m\u00e9todo de autentificaci\u00f3n. Decid\u00ed utilizar esta segunda autentificaci\u00f3n debido a los crackeos que sufr\u00eda en la cuenta. De esta sutil forma, Facebook consigue dejar la cuenta inutilizada. \u00bf C\u00f3mo y cu\u00e1ndo se [&hellip;]<\/p>\n","protected":false},"author":1,"featured_media":0,"comment_status":"closed","ping_status":"closed","sticky":false,"template":"","format":"standard","meta":{"footnotes":""},"categories":[274],"tags":[297],"class_list":["post-3631","post","type-post","status-publish","format-standard","hentry","category-anecdotas","tag-putadas"],"_links":{"self":[{"href":"https:\/\/www.lacortedelingles.com\/blog\/wp-json\/wp\/v2\/posts\/3631","targetHints":{"allow":["GET"]}}],"collection":[{"href":"https:\/\/www.lacortedelingles.com\/blog\/wp-json\/wp\/v2\/posts"}],"about":[{"href":"https:\/\/www.lacortedelingles.com\/blog\/wp-json\/wp\/v2\/types\/post"}],"author":[{"embeddable":true,"href":"https:\/\/www.lacortedelingles.com\/blog\/wp-json\/wp\/v2\/users\/1"}],"replies":[{"embeddable":true,"href":"https:\/\/www.lacortedelingles.com\/blog\/wp-json\/wp\/v2\/comments?post=3631"}],"version-history":[{"count":2,"href":"https:\/\/www.lacortedelingles.com\/blog\/wp-json\/wp\/v2\/posts\/3631\/revisions"}],"predecessor-version":[{"id":3633,"href":"https:\/\/www.lacortedelingles.com\/blog\/wp-json\/wp\/v2\/posts\/3631\/revisions\/3633"}],"wp:attachment":[{"href":"https:\/\/www.lacortedelingles.com\/blog\/wp-json\/wp\/v2\/media?parent=3631"}],"wp:term":[{"taxonomy":"category","embeddable":true,"href":"https:\/\/www.lacortedelingles.com\/blog\/wp-json\/wp\/v2\/categories?post=3631"},{"taxonomy":"post_tag","embeddable":true,"href":"https:\/\/www.lacortedelingles.com\/blog\/wp-json\/wp\/v2\/tags?post=3631"}],"curies":[{"name":"wp","href":"https:\/\/api.w.org\/{rel}","templated":true}]}}